{"id":799,"date":"2017-12-03T18:22:02","date_gmt":"2017-12-03T17:22:02","guid":{"rendered":"http:\/\/amicale-des-anciens-hager-tehalit.fr\/?p=799"},"modified":"2017-12-14T17:32:21","modified_gmt":"2017-12-14T16:32:21","slug":"ag-du-17-novembre-2017","status":"publish","type":"post","link":"https:\/\/amicale-des-anciens-hager-tehalit.fr\/index.php\/2017\/12\/03\/ag-du-17-novembre-2017\/","title":{"rendered":"AG du 17 novembre 2017"},"content":{"rendered":"<p>Comme chaque ann\u00e9e l&rsquo;amicale des anciens a tenu son assembl\u00e9e g\u00e9n\u00e9rale au forum de Hager Obernai.<\/p>\n<p>A cette occasion , environ 120 personnes s&rsquo;\u00e9taient d\u00e9plac\u00e9es.<\/p>\n<p>La veille, le comit\u00e9, aid\u00e9 par quelques bonnes \u00e2mes, s&rsquo;est retrouv\u00e9 dans la salle des f\u00eates d&rsquo;Obernai pour la pr\u00e9paration des tables.<\/p>\n<p><img loading=\"lazy\" decoding=\"async\" class=\"alignnone size-medium wp-image-805\" src=\"http:\/\/amicale-des-anciens-hager-tehalit.fr\/wp-content\/uploads\/2017\/12\/20171116_155926-300x169.jpg\" alt=\"\" width=\"300\" height=\"169\" srcset=\"https:\/\/amicale-des-anciens-hager-tehalit.fr\/wp-content\/uploads\/2017\/12\/20171116_155926-300x169.jpg 300w, https:\/\/amicale-des-anciens-hager-tehalit.fr\/wp-content\/uploads\/2017\/12\/20171116_155926-768x432.jpg 768w, https:\/\/amicale-des-anciens-hager-tehalit.fr\/wp-content\/uploads\/2017\/12\/20171116_155926-1024x576.jpg 1024w, https:\/\/amicale-des-anciens-hager-tehalit.fr\/wp-content\/uploads\/2017\/12\/20171116_155926-600x338.jpg 600w\" sizes=\"auto, (max-width: 300px) 100vw, 300px\" \/>\u00a0 \u00a0 \u00a0<img loading=\"lazy\" decoding=\"async\" class=\"alignnone size-medium wp-image-804\" src=\"http:\/\/amicale-des-anciens-hager-tehalit.fr\/wp-content\/uploads\/2017\/12\/20171116_155432-300x169.jpg\" alt=\"\" width=\"300\" height=\"169\" srcset=\"https:\/\/amicale-des-anciens-hager-tehalit.fr\/wp-content\/uploads\/2017\/12\/20171116_155432-300x169.jpg 300w, https:\/\/amicale-des-anciens-hager-tehalit.fr\/wp-content\/uploads\/2017\/12\/20171116_155432-768x432.jpg 768w, https:\/\/amicale-des-anciens-hager-tehalit.fr\/wp-content\/uploads\/2017\/12\/20171116_155432-1024x576.jpg 1024w, https:\/\/amicale-des-anciens-hager-tehalit.fr\/wp-content\/uploads\/2017\/12\/20171116_155432-600x338.jpg 600w\" sizes=\"auto, (max-width: 300px) 100vw, 300px\" \/>\u00a0 \u00a0 \u00a0 <img loading=\"lazy\" decoding=\"async\" class=\"alignnone size-medium wp-image-803\" src=\"http:\/\/amicale-des-anciens-hager-tehalit.fr\/wp-content\/uploads\/2017\/12\/20171116_154547-e1512319156398-169x300.jpg\" alt=\"\" width=\"169\" height=\"300\" srcset=\"https:\/\/amicale-des-anciens-hager-tehalit.fr\/wp-content\/uploads\/2017\/12\/20171116_154547-e1512319156398-169x300.jpg 169w, https:\/\/amicale-des-anciens-hager-tehalit.fr\/wp-content\/uploads\/2017\/12\/20171116_154547-e1512319156398-768x1365.jpg 768w, https:\/\/amicale-des-anciens-hager-tehalit.fr\/wp-content\/uploads\/2017\/12\/20171116_154547-e1512319156398-576x1024.jpg 576w, https:\/\/amicale-des-anciens-hager-tehalit.fr\/wp-content\/uploads\/2017\/12\/20171116_154547-e1512319156398-600x1067.jpg 600w, https:\/\/amicale-des-anciens-hager-tehalit.fr\/wp-content\/uploads\/2017\/12\/20171116_154547-e1512319156398.jpg 1836w\" sizes=\"auto, (max-width: 169px) 100vw, 169px\" \/><\/p>\n<p>&nbsp;<\/p>\n<p>A 16H30, la pr\u00e9sidente ouvre la s\u00e9ance en remerciant les participants ainsi que les sponsors et le repr\u00e9sentant de la direction.<\/p>\n<p>&nbsp;<\/p>\n<p><img loading=\"lazy\" decoding=\"async\" class=\"alignnone size-medium wp-image-807\" src=\"http:\/\/amicale-des-anciens-hager-tehalit.fr\/wp-content\/uploads\/2017\/12\/IMG_0850-300x225.jpg\" alt=\"\" width=\"300\" height=\"225\" srcset=\"https:\/\/amicale-des-anciens-hager-tehalit.fr\/wp-content\/uploads\/2017\/12\/IMG_0850-300x225.jpg 300w, https:\/\/amicale-des-anciens-hager-tehalit.fr\/wp-content\/uploads\/2017\/12\/IMG_0850-768x576.jpg 768w, https:\/\/amicale-des-anciens-hager-tehalit.fr\/wp-content\/uploads\/2017\/12\/IMG_0850-1024x768.jpg 1024w, https:\/\/amicale-des-anciens-hager-tehalit.fr\/wp-content\/uploads\/2017\/12\/IMG_0850-600x450.jpg 600w\" sizes=\"auto, (max-width: 300px) 100vw, 300px\" \/>\u00a0 \u00a0 \u00a0 \u00a0 \u00a0Ouverture de s\u00e9ance par Marie-Claude Weil.<\/p>\n<p>&nbsp;<\/p>\n<p><img loading=\"lazy\" decoding=\"async\" class=\"alignnone size-medium wp-image-808\" src=\"http:\/\/amicale-des-anciens-hager-tehalit.fr\/wp-content\/uploads\/2017\/12\/IMG_0851-300x225.jpg\" alt=\"\" width=\"300\" height=\"225\" srcset=\"https:\/\/amicale-des-anciens-hager-tehalit.fr\/wp-content\/uploads\/2017\/12\/IMG_0851-300x225.jpg 300w, https:\/\/amicale-des-anciens-hager-tehalit.fr\/wp-content\/uploads\/2017\/12\/IMG_0851-768x576.jpg 768w, https:\/\/amicale-des-anciens-hager-tehalit.fr\/wp-content\/uploads\/2017\/12\/IMG_0851-1024x768.jpg 1024w, https:\/\/amicale-des-anciens-hager-tehalit.fr\/wp-content\/uploads\/2017\/12\/IMG_0851-600x450.jpg 600w\" sizes=\"auto, (max-width: 300px) 100vw, 300px\" \/>\u00a0 \u00a0 \u00a0 \u00a0 Jean-Michel Ficet, secr\u00e9taire, pr\u00e9sente le proc\u00e9s verbal de l&rsquo;AG 2016 ainsi que le rapport d&rsquo;activit\u00e9s du comit\u00e9.<\/p>\n<p>&nbsp;<\/p>\n<p><img loading=\"lazy\" decoding=\"async\" class=\"alignnone size-medium wp-image-809\" src=\"http:\/\/amicale-des-anciens-hager-tehalit.fr\/wp-content\/uploads\/2017\/12\/IMG_0852-e1512319201101-225x300.jpg\" alt=\"\" width=\"225\" height=\"300\" srcset=\"https:\/\/amicale-des-anciens-hager-tehalit.fr\/wp-content\/uploads\/2017\/12\/IMG_0852-e1512319201101-225x300.jpg 225w, https:\/\/amicale-des-anciens-hager-tehalit.fr\/wp-content\/uploads\/2017\/12\/IMG_0852-e1512319201101-768x1024.jpg 768w, https:\/\/amicale-des-anciens-hager-tehalit.fr\/wp-content\/uploads\/2017\/12\/IMG_0852-e1512319201101-600x800.jpg 600w\" sizes=\"auto, (max-width: 225px) 100vw, 225px\" \/>\u00a0 \u00a0 \u00a0 \u00a0 Mr Halbwachs nous pr\u00e9sente des derni\u00e8res infos de notre caisse compl\u00e9mentaire.<\/p>\n<p>&nbsp;<\/p>\n<p><img loading=\"lazy\" decoding=\"async\" class=\"alignnone size-medium wp-image-810\" src=\"http:\/\/amicale-des-anciens-hager-tehalit.fr\/wp-content\/uploads\/2017\/12\/IMG_0853-e1512319228894-225x300.jpg\" alt=\"\" width=\"225\" height=\"300\" srcset=\"https:\/\/amicale-des-anciens-hager-tehalit.fr\/wp-content\/uploads\/2017\/12\/IMG_0853-e1512319228894-225x300.jpg 225w, https:\/\/amicale-des-anciens-hager-tehalit.fr\/wp-content\/uploads\/2017\/12\/IMG_0853-e1512319228894-768x1024.jpg 768w, https:\/\/amicale-des-anciens-hager-tehalit.fr\/wp-content\/uploads\/2017\/12\/IMG_0853-e1512319228894-600x800.jpg 600w\" sizes=\"auto, (max-width: 225px) 100vw, 225px\" \/>\u00a0 \u00a0 \u00a0 \u00a0 \u00a0 Dani\u00e9le Horny, tr\u00e9sori\u00e8re fait le rapport financier de l&rsquo;ann\u00e9e \u00e9coul\u00e9e.<\/p>\n<p>&nbsp;<\/p>\n<p><img loading=\"lazy\" decoding=\"async\" class=\"alignnone size-medium wp-image-811\" src=\"http:\/\/amicale-des-anciens-hager-tehalit.fr\/wp-content\/uploads\/2017\/12\/IMG_0854-e1512319253578-225x300.jpg\" alt=\"\" width=\"225\" height=\"300\" srcset=\"https:\/\/amicale-des-anciens-hager-tehalit.fr\/wp-content\/uploads\/2017\/12\/IMG_0854-e1512319253578-225x300.jpg 225w, https:\/\/amicale-des-anciens-hager-tehalit.fr\/wp-content\/uploads\/2017\/12\/IMG_0854-e1512319253578-768x1024.jpg 768w, https:\/\/amicale-des-anciens-hager-tehalit.fr\/wp-content\/uploads\/2017\/12\/IMG_0854-e1512319253578-600x800.jpg 600w\" sizes=\"auto, (max-width: 225px) 100vw, 225px\" \/>\u00a0 \u00a0 \u00a0 \u00a0 Mr Debenest, repr\u00e9sentant de la direction, nous relate la situation \u00e9conomique et de la vie de l&rsquo;entreprise.<\/p>\n<p><img loading=\"lazy\" decoding=\"async\" class=\"alignnone size-medium wp-image-816\" src=\"http:\/\/amicale-des-anciens-hager-tehalit.fr\/wp-content\/uploads\/2017\/12\/IMG_0860-300x225.jpg\" alt=\"\" width=\"300\" height=\"225\" srcset=\"https:\/\/amicale-des-anciens-hager-tehalit.fr\/wp-content\/uploads\/2017\/12\/IMG_0860-300x225.jpg 300w, https:\/\/amicale-des-anciens-hager-tehalit.fr\/wp-content\/uploads\/2017\/12\/IMG_0860-768x576.jpg 768w, https:\/\/amicale-des-anciens-hager-tehalit.fr\/wp-content\/uploads\/2017\/12\/IMG_0860-1024x768.jpg 1024w, https:\/\/amicale-des-anciens-hager-tehalit.fr\/wp-content\/uploads\/2017\/12\/IMG_0860-600x450.jpg 600w\" sizes=\"auto, (max-width: 300px) 100vw, 300px\" \/>\u00a0 \u00a0 \u00a0 Une minute de silence a \u00e9t\u00e9 respect\u00e9e en m\u00e9moire de Mr Oswald\u00a0 Hager d\u00e9c\u00e9d\u00e9 le 19 janvier 2017.<\/p>\n<p>Pour terminer, Marie-Claude nous pr\u00e9sente les activ\u00e9s \u00e0 venir en 2018.<\/p>\n<p>&nbsp;<\/p>\n<h2 style=\"text-align: center;\"><strong>Place \u00e0 la f\u00eate !!<\/strong><\/h2>\n<p>&nbsp;<\/p>\n<p><img loading=\"lazy\" decoding=\"async\" class=\"size-medium wp-image-838 alignnone\" src=\"http:\/\/amicale-des-anciens-hager-tehalit.fr\/wp-content\/uploads\/2017\/12\/IMG_0893-e1512319564319-225x300.jpg\" alt=\"\" width=\"225\" height=\"300\" srcset=\"https:\/\/amicale-des-anciens-hager-tehalit.fr\/wp-content\/uploads\/2017\/12\/IMG_0893-e1512319564319-225x300.jpg 225w, https:\/\/amicale-des-anciens-hager-tehalit.fr\/wp-content\/uploads\/2017\/12\/IMG_0893-e1512319564319-768x1024.jpg 768w, https:\/\/amicale-des-anciens-hager-tehalit.fr\/wp-content\/uploads\/2017\/12\/IMG_0893-e1512319564319-600x800.jpg 600w\" sizes=\"auto, (max-width: 225px) 100vw, 225px\" \/> <img loading=\"lazy\" decoding=\"async\" class=\"alignnone size-medium wp-image-834\" src=\"http:\/\/amicale-des-anciens-hager-tehalit.fr\/wp-content\/uploads\/2017\/12\/IMG_0886-300x225.jpg\" alt=\"\" width=\"300\" height=\"225\" srcset=\"https:\/\/amicale-des-anciens-hager-tehalit.fr\/wp-content\/uploads\/2017\/12\/IMG_0886-300x225.jpg 300w, https:\/\/amicale-des-anciens-hager-tehalit.fr\/wp-content\/uploads\/2017\/12\/IMG_0886-768x576.jpg 768w, https:\/\/amicale-des-anciens-hager-tehalit.fr\/wp-content\/uploads\/2017\/12\/IMG_0886-1024x768.jpg 1024w, https:\/\/amicale-des-anciens-hager-tehalit.fr\/wp-content\/uploads\/2017\/12\/IMG_0886-600x450.jpg 600w\" sizes=\"auto, (max-width: 300px) 100vw, 300px\" \/> <img loading=\"lazy\" decoding=\"async\" class=\"alignnone size-medium wp-image-836\" src=\"http:\/\/amicale-des-anciens-hager-tehalit.fr\/wp-content\/uploads\/2017\/12\/IMG_0889-e1512319523859-225x300.jpg\" alt=\"\" width=\"225\" height=\"300\" srcset=\"https:\/\/amicale-des-anciens-hager-tehalit.fr\/wp-content\/uploads\/2017\/12\/IMG_0889-e1512319523859-225x300.jpg 225w, https:\/\/amicale-des-anciens-hager-tehalit.fr\/wp-content\/uploads\/2017\/12\/IMG_0889-e1512319523859-768x1024.jpg 768w, https:\/\/amicale-des-anciens-hager-tehalit.fr\/wp-content\/uploads\/2017\/12\/IMG_0889-e1512319523859-600x800.jpg 600w\" sizes=\"auto, (max-width: 225px) 100vw, 225px\" \/><\/p>\n<p><img loading=\"lazy\" decoding=\"async\" class=\"alignnone size-medium wp-image-830\" src=\"http:\/\/amicale-des-anciens-hager-tehalit.fr\/wp-content\/uploads\/2017\/12\/IMG_0882-300x225.jpg\" alt=\"\" width=\"300\" height=\"225\" srcset=\"https:\/\/amicale-des-anciens-hager-tehalit.fr\/wp-content\/uploads\/2017\/12\/IMG_0882-300x225.jpg 300w, https:\/\/amicale-des-anciens-hager-tehalit.fr\/wp-content\/uploads\/2017\/12\/IMG_0882-768x576.jpg 768w, https:\/\/amicale-des-anciens-hager-tehalit.fr\/wp-content\/uploads\/2017\/12\/IMG_0882-1024x768.jpg 1024w, https:\/\/amicale-des-anciens-hager-tehalit.fr\/wp-content\/uploads\/2017\/12\/IMG_0882-600x450.jpg 600w\" sizes=\"auto, (max-width: 300px) 100vw, 300px\" \/><\/p>\n<p>&nbsp;<\/p>\n<p>L&rsquo;ambiance \u00e9tait assur\u00e9e par le groupe \u00ab\u00a0Golden sounds\u00a0\u00bb et nos retrait\u00e9s ont dans\u00e9 jusqu&rsquo;au bout de la nuit.<\/p>\n<p>&nbsp;<\/p>\n<p><img loading=\"lazy\" decoding=\"async\" class=\"alignnone size-medium wp-image-826\" src=\"http:\/\/amicale-des-anciens-hager-tehalit.fr\/wp-content\/uploads\/2017\/12\/IMG_0876-300x225.jpg\" alt=\"\" width=\"300\" height=\"225\" srcset=\"https:\/\/amicale-des-anciens-hager-tehalit.fr\/wp-content\/uploads\/2017\/12\/IMG_0876-300x225.jpg 300w, https:\/\/amicale-des-anciens-hager-tehalit.fr\/wp-content\/uploads\/2017\/12\/IMG_0876-768x576.jpg 768w, https:\/\/amicale-des-anciens-hager-tehalit.fr\/wp-content\/uploads\/2017\/12\/IMG_0876-1024x768.jpg 1024w, https:\/\/amicale-des-anciens-hager-tehalit.fr\/wp-content\/uploads\/2017\/12\/IMG_0876-600x450.jpg 600w\" sizes=\"auto, (max-width: 300px) 100vw, 300px\" \/>\u00a0 \u00a0 \u00a0 \u00a0 \u00a0 \u00a0 \u00a0\u00a0<img loading=\"lazy\" decoding=\"async\" class=\"alignnone size-medium wp-image-839\" src=\"http:\/\/amicale-des-anciens-hager-tehalit.fr\/wp-content\/uploads\/2017\/12\/IMG_0895-300x225.jpg\" alt=\"\" width=\"300\" height=\"225\" srcset=\"https:\/\/amicale-des-anciens-hager-tehalit.fr\/wp-content\/uploads\/2017\/12\/IMG_0895-300x225.jpg 300w, https:\/\/amicale-des-anciens-hager-tehalit.fr\/wp-content\/uploads\/2017\/12\/IMG_0895-768x576.jpg 768w, https:\/\/amicale-des-anciens-hager-tehalit.fr\/wp-content\/uploads\/2017\/12\/IMG_0895-1024x768.jpg 1024w, https:\/\/amicale-des-anciens-hager-tehalit.fr\/wp-content\/uploads\/2017\/12\/IMG_0895-600x450.jpg 600w\" sizes=\"auto, (max-width: 300px) 100vw, 300px\" \/><\/p>\n<p>&nbsp;<\/p>\n<p><img loading=\"lazy\" decoding=\"async\" class=\"alignnone size-medium wp-image-822\" src=\"http:\/\/amicale-des-anciens-hager-tehalit.fr\/wp-content\/uploads\/2017\/12\/IMG_0871-300x225.jpg\" alt=\"\" width=\"300\" height=\"225\" srcset=\"https:\/\/amicale-des-anciens-hager-tehalit.fr\/wp-content\/uploads\/2017\/12\/IMG_0871-300x225.jpg 300w, https:\/\/amicale-des-anciens-hager-tehalit.fr\/wp-content\/uploads\/2017\/12\/IMG_0871-768x576.jpg 768w, https:\/\/amicale-des-anciens-hager-tehalit.fr\/wp-content\/uploads\/2017\/12\/IMG_0871-1024x768.jpg 1024w, https:\/\/amicale-des-anciens-hager-tehalit.fr\/wp-content\/uploads\/2017\/12\/IMG_0871-600x450.jpg 600w\" sizes=\"auto, (max-width: 300px) 100vw, 300px\" \/><\/p>\n<p>&nbsp;<\/p>\n<p><img loading=\"lazy\" decoding=\"async\" class=\"alignnone size-medium wp-image-831\" src=\"http:\/\/amicale-des-anciens-hager-tehalit.fr\/wp-content\/uploads\/2017\/12\/IMG_0883-300x225.jpg\" alt=\"\" width=\"300\" height=\"225\" srcset=\"https:\/\/amicale-des-anciens-hager-tehalit.fr\/wp-content\/uploads\/2017\/12\/IMG_0883-300x225.jpg 300w, https:\/\/amicale-des-anciens-hager-tehalit.fr\/wp-content\/uploads\/2017\/12\/IMG_0883-768x576.jpg 768w, https:\/\/amicale-des-anciens-hager-tehalit.fr\/wp-content\/uploads\/2017\/12\/IMG_0883-1024x768.jpg 1024w, https:\/\/amicale-des-anciens-hager-tehalit.fr\/wp-content\/uploads\/2017\/12\/IMG_0883-600x450.jpg 600w\" sizes=\"auto, (max-width: 300px) 100vw, 300px\" \/>\u00a0 \u00a0 \u00a0 \u00a0 L&rsquo;occasion aussi de f\u00eater les 79 ans de Mme Vall\u00e9e.<\/p>\n<p>&nbsp;<\/p>\n<p>Une r\u00e9ussite gr\u00e2ce \u00e0 notre \u00e9quipe \u00ab\u00a0cuisine\u00a0\u00bb et tous ceux qui ont assur\u00e9 le service.<\/p>\n<p>&nbsp;<\/p>\n<p><img loading=\"lazy\" decoding=\"async\" class=\"alignnone size-medium wp-image-827\" src=\"http:\/\/amicale-des-anciens-hager-tehalit.fr\/wp-content\/uploads\/2017\/12\/IMG_0879-e1512319397361-225x300.jpg\" alt=\"\" width=\"225\" height=\"300\" srcset=\"https:\/\/amicale-des-anciens-hager-tehalit.fr\/wp-content\/uploads\/2017\/12\/IMG_0879-e1512319397361-225x300.jpg 225w, https:\/\/amicale-des-anciens-hager-tehalit.fr\/wp-content\/uploads\/2017\/12\/IMG_0879-e1512319397361-768x1024.jpg 768w, https:\/\/amicale-des-anciens-hager-tehalit.fr\/wp-content\/uploads\/2017\/12\/IMG_0879-e1512319397361-600x800.jpg 600w\" sizes=\"auto, (max-width: 225px) 100vw, 225px\" \/>\u00a0 \u00a0 \u00a0 \u00a0 \u00a0 \u00a0 <img loading=\"lazy\" decoding=\"async\" class=\"alignnone size-medium wp-image-837\" src=\"http:\/\/amicale-des-anciens-hager-tehalit.fr\/wp-content\/uploads\/2017\/12\/IMG_0890-e1512319543573-225x300.jpg\" alt=\"\" width=\"225\" height=\"300\" srcset=\"https:\/\/amicale-des-anciens-hager-tehalit.fr\/wp-content\/uploads\/2017\/12\/IMG_0890-e1512319543573-225x300.jpg 225w, https:\/\/amicale-des-anciens-hager-tehalit.fr\/wp-content\/uploads\/2017\/12\/IMG_0890-e1512319543573-768x1024.jpg 768w, https:\/\/amicale-des-anciens-hager-tehalit.fr\/wp-content\/uploads\/2017\/12\/IMG_0890-e1512319543573-600x800.jpg 600w\" sizes=\"auto, (max-width: 225px) 100vw, 225px\" \/>\u00a0 \u00a0 \u00a0 \u00a0 \u00a0 \u00a0<img loading=\"lazy\" decoding=\"async\" class=\"alignnone size-medium wp-image-829\" src=\"http:\/\/amicale-des-anciens-hager-tehalit.fr\/wp-content\/uploads\/2017\/12\/IMG_0881-e1512319446216-225x300.jpg\" alt=\"\" width=\"225\" height=\"300\" srcset=\"https:\/\/amicale-des-anciens-hager-tehalit.fr\/wp-content\/uploads\/2017\/12\/IMG_0881-e1512319446216-225x300.jpg 225w, https:\/\/amicale-des-anciens-hager-tehalit.fr\/wp-content\/uploads\/2017\/12\/IMG_0881-e1512319446216-768x1024.jpg 768w, https:\/\/amicale-des-anciens-hager-tehalit.fr\/wp-content\/uploads\/2017\/12\/IMG_0881-e1512319446216-600x800.jpg 600w\" sizes=\"auto, (max-width: 225px) 100vw, 225px\" \/><\/p>\n<p>De toute \u00e9vidence, tous \u00e9taient heureux de se retrouver.<\/p>\n<p>&nbsp;<\/p>\n<p><img loading=\"lazy\" decoding=\"async\" class=\"alignnone size-medium wp-image-825\" src=\"http:\/\/amicale-des-anciens-hager-tehalit.fr\/wp-content\/uploads\/2017\/12\/IMG_0875-300x225.jpg\" alt=\"\" width=\"300\" height=\"225\" srcset=\"https:\/\/amicale-des-anciens-hager-tehalit.fr\/wp-content\/uploads\/2017\/12\/IMG_0875-300x225.jpg 300w, https:\/\/amicale-des-anciens-hager-tehalit.fr\/wp-content\/uploads\/2017\/12\/IMG_0875-768x576.jpg 768w, https:\/\/amicale-des-anciens-hager-tehalit.fr\/wp-content\/uploads\/2017\/12\/IMG_0875-1024x768.jpg 1024w, https:\/\/amicale-des-anciens-hager-tehalit.fr\/wp-content\/uploads\/2017\/12\/IMG_0875-600x450.jpg 600w\" sizes=\"auto, (max-width: 300px) 100vw, 300px\" \/>\u00a0 \u00a0\u00a0 <img loading=\"lazy\" decoding=\"async\" class=\"alignnone size-medium wp-image-820\" src=\"http:\/\/amicale-des-anciens-hager-tehalit.fr\/wp-content\/uploads\/2017\/12\/IMG_0868-e1512319356844-225x300.jpg\" alt=\"\" width=\"225\" height=\"300\" srcset=\"https:\/\/amicale-des-anciens-hager-tehalit.fr\/wp-content\/uploads\/2017\/12\/IMG_0868-e1512319356844-225x300.jpg 225w, https:\/\/amicale-des-anciens-hager-tehalit.fr\/wp-content\/uploads\/2017\/12\/IMG_0868-e1512319356844-768x1024.jpg 768w, https:\/\/amicale-des-anciens-hager-tehalit.fr\/wp-content\/uploads\/2017\/12\/IMG_0868-e1512319356844-600x800.jpg 600w\" sizes=\"auto, (max-width: 225px) 100vw, 225px\" \/><\/p>\n<p>*<img loading=\"lazy\" decoding=\"async\" class=\"alignnone size-medium wp-image-819\" src=\"http:\/\/amicale-des-anciens-hager-tehalit.fr\/wp-content\/uploads\/2017\/12\/IMG_0867-e1512319335463-225x300.jpg\" alt=\"\" width=\"225\" height=\"300\" srcset=\"https:\/\/amicale-des-anciens-hager-tehalit.fr\/wp-content\/uploads\/2017\/12\/IMG_0867-e1512319335463-225x300.jpg 225w, https:\/\/amicale-des-anciens-hager-tehalit.fr\/wp-content\/uploads\/2017\/12\/IMG_0867-e1512319335463-768x1024.jpg 768w, https:\/\/amicale-des-anciens-hager-tehalit.fr\/wp-content\/uploads\/2017\/12\/IMG_0867-e1512319335463-600x800.jpg 600w\" sizes=\"auto, (max-width: 225px) 100vw, 225px\" \/>\u00a0 \u00a0 \u00a0\u00a0<img loading=\"lazy\" decoding=\"async\" class=\"alignnone size-medium wp-image-823\" src=\"http:\/\/amicale-des-anciens-hager-tehalit.fr\/wp-content\/uploads\/2017\/12\/IMG_0873-300x225.jpg\" alt=\"\" width=\"300\" height=\"225\" srcset=\"https:\/\/amicale-des-anciens-hager-tehalit.fr\/wp-content\/uploads\/2017\/12\/IMG_0873-300x225.jpg 300w, https:\/\/amicale-des-anciens-hager-tehalit.fr\/wp-content\/uploads\/2017\/12\/IMG_0873-768x576.jpg 768w, https:\/\/amicale-des-anciens-hager-tehalit.fr\/wp-content\/uploads\/2017\/12\/IMG_0873-1024x768.jpg 1024w, https:\/\/amicale-des-anciens-hager-tehalit.fr\/wp-content\/uploads\/2017\/12\/IMG_0873-600x450.jpg 600w\" sizes=\"auto, (max-width: 300px) 100vw, 300px\" \/>\u00a0 \u00a0 \u00a0\u00a0<img loading=\"lazy\" decoding=\"async\" class=\"alignnone size-medium wp-image-847\" src=\"http:\/\/amicale-des-anciens-hager-tehalit.fr\/wp-content\/uploads\/2017\/12\/IMG_20171118_183422-300x244.jpg\" alt=\"\" width=\"300\" height=\"244\" srcset=\"https:\/\/amicale-des-anciens-hager-tehalit.fr\/wp-content\/uploads\/2017\/12\/IMG_20171118_183422-300x244.jpg 300w, https:\/\/amicale-des-anciens-hager-tehalit.fr\/wp-content\/uploads\/2017\/12\/IMG_20171118_183422-768x624.jpg 768w, https:\/\/amicale-des-anciens-hager-tehalit.fr\/wp-content\/uploads\/2017\/12\/IMG_20171118_183422-1024x832.jpg 1024w, https:\/\/amicale-des-anciens-hager-tehalit.fr\/wp-content\/uploads\/2017\/12\/IMG_20171118_183422-600x487.jpg 600w\" sizes=\"auto, (max-width: 300px) 100vw, 300px\" \/><\/p>\n<p>La soir\u00e9e se termine par la valse des balais &#8230;&#8230;.nettoyage et rangement obligent !!!!\u00a0 \u00a0<img decoding=\"async\" src=\"http:\/\/4.bp.blogspot.com\/-b0CwYzDKV4o\/TZdk5PZnlLI\/AAAAAAAAAhU\/1S9bpxzBqU8\/s200\/resp_balai_clr-1-.gif\" \/><\/p>\n<p>&nbsp;<\/p>\n","protected":false},"excerpt":{"rendered":"<p>Comme chaque ann\u00e9e l&rsquo;amicale des anciens a tenu son assembl\u00e9e g\u00e9n\u00e9rale au forum de Hager Obernai. A cette occasion , environ 120 personnes s&rsquo;\u00e9taient d\u00e9plac\u00e9es. La veille, le comit\u00e9, aid\u00e9 par quelques bonnes \u00e2mes,&#46;&#46;&#46;<\/p>\n","protected":false},"author":1,"featured_media":807,"comment_status":"open","ping_status":"open","sticky":false,"template":"","format":"standard","meta":{"footnotes":""},"categories":[7],"tags":[],"class_list":["post-799","post","type-post","status-publish","format-standard","has-post-thumbnail","hentry","category-soirees","odd"],"_links":{"self":[{"href":"https:\/\/amicale-des-anciens-hager-tehalit.fr\/index.php\/wp-json\/wp\/v2\/posts\/799","targetHints":{"allow":["GET"]}}],"collection":[{"href":"https:\/\/amicale-des-anciens-hager-tehalit.fr\/index.php\/wp-json\/wp\/v2\/posts"}],"about":[{"href":"https:\/\/amicale-des-anciens-hager-tehalit.fr\/index.php\/wp-json\/wp\/v2\/types\/post"}],"author":[{"embeddable":true,"href":"https:\/\/amicale-des-anciens-hager-tehalit.fr\/index.php\/wp-json\/wp\/v2\/users\/1"}],"replies":[{"embeddable":true,"href":"https:\/\/amicale-des-anciens-hager-tehalit.fr\/index.php\/wp-json\/wp\/v2\/comments?post=799"}],"version-history":[{"count":8,"href":"https:\/\/amicale-des-anciens-hager-tehalit.fr\/index.php\/wp-json\/wp\/v2\/posts\/799\/revisions"}],"predecessor-version":[{"id":848,"href":"https:\/\/amicale-des-anciens-hager-tehalit.fr\/index.php\/wp-json\/wp\/v2\/posts\/799\/revisions\/848"}],"wp:featuredmedia":[{"embeddable":true,"href":"https:\/\/amicale-des-anciens-hager-tehalit.fr\/index.php\/wp-json\/wp\/v2\/media\/807"}],"wp:attachment":[{"href":"https:\/\/amicale-des-anciens-hager-tehalit.fr\/index.php\/wp-json\/wp\/v2\/media?parent=799"}],"wp:term":[{"taxonomy":"category","embeddable":true,"href":"https:\/\/amicale-des-anciens-hager-tehalit.fr\/index.php\/wp-json\/wp\/v2\/categories?post=799"},{"taxonomy":"post_tag","embeddable":true,"href":"https:\/\/amicale-des-anciens-hager-tehalit.fr\/index.php\/wp-json\/wp\/v2\/tags?post=799"}],"curies":[{"name":"wp","href":"https:\/\/api.w.org\/{rel}","templated":true}]}}