{"id":2592,"date":"2024-11-05T00:19:01","date_gmt":"2024-11-04T23:19:01","guid":{"rendered":"http:\/\/amicale-des-anciens-hager-tehalit.fr\/?p=2592"},"modified":"2024-11-05T00:19:03","modified_gmt":"2024-11-04T23:19:03","slug":"visite-hager","status":"publish","type":"post","link":"https:\/\/amicale-des-anciens-hager-tehalit.fr\/index.php\/2024\/11\/05\/visite-hager\/","title":{"rendered":"VISITE HAGER"},"content":{"rendered":"\n<figure class=\"wp-block-image size-full\"><img loading=\"lazy\" decoding=\"async\" width=\"755\" height=\"793\" src=\"http:\/\/amicale-des-anciens-hager-tehalit.fr\/wp-content\/uploads\/2024\/11\/Image1-1.jpg\" alt=\"\" class=\"wp-image-2606\" srcset=\"https:\/\/amicale-des-anciens-hager-tehalit.fr\/wp-content\/uploads\/2024\/11\/Image1-1.jpg 755w, https:\/\/amicale-des-anciens-hager-tehalit.fr\/wp-content\/uploads\/2024\/11\/Image1-1-286x300.jpg 286w\" sizes=\"auto, (max-width: 755px) 100vw, 755px\" \/><\/figure>\n\n\n\n<p><\/p>\n\n\n\n<p class=\"has-medium-font-size\">Vous \u00e9tiez nombreux \u00e0 nous avoir demander une visite d\u2019usines &#8230;  cette ann\u00e9e le comit\u00e9 a eu  l\u2019opportunit\u00e9 d\u2019organiser celle-ci.<\/p>\n\n\n\n<p class=\"has-medium-font-size\">Pour des raisons de s\u00e9curit\u00e9, nous avons d\u00fb cr\u00e9er des groupes de 20 personnes par visite. Trois dates ont \u00e9t\u00e9 retenues (le 27\/06, le 02\/07 et le 27\/09) avec \u00e0 chaque fois deux groupes de 20 personnes.<\/p>\n\n\n\n<h2 class=\"wp-block-heading has-medium-font-size\"><\/h2>\n\n\n\n<figure class=\"wp-block-gallery has-nested-images columns-default is-cropped wp-block-gallery-1 is-layout-flex wp-block-gallery-is-layout-flex\">\n<figure class=\"wp-block-image size-large\"><img loading=\"lazy\" decoding=\"async\" width=\"691\" height=\"742\" data-id=\"2600\" src=\"http:\/\/amicale-des-anciens-hager-tehalit.fr\/wp-content\/uploads\/2024\/11\/Image2.jpg\" alt=\"\" class=\"wp-image-2600\" srcset=\"https:\/\/amicale-des-anciens-hager-tehalit.fr\/wp-content\/uploads\/2024\/11\/Image2.jpg 691w, https:\/\/amicale-des-anciens-hager-tehalit.fr\/wp-content\/uploads\/2024\/11\/Image2-279x300.jpg 279w\" sizes=\"auto, (max-width: 691px) 100vw, 691px\" \/><\/figure>\n\n\n\n<figure class=\"wp-block-image size-large\"><img loading=\"lazy\" decoding=\"async\" width=\"707\" height=\"731\" data-id=\"2601\" src=\"http:\/\/amicale-des-anciens-hager-tehalit.fr\/wp-content\/uploads\/2024\/11\/Image3.jpg\" alt=\"\" class=\"wp-image-2601\" srcset=\"https:\/\/amicale-des-anciens-hager-tehalit.fr\/wp-content\/uploads\/2024\/11\/Image3.jpg 707w, https:\/\/amicale-des-anciens-hager-tehalit.fr\/wp-content\/uploads\/2024\/11\/Image3-290x300.jpg 290w\" sizes=\"auto, (max-width: 707px) 100vw, 707px\" \/><\/figure>\n<\/figure>\n\n\n\n<p><\/p>\n\n\n\n<p class=\"has-medium-font-size\">Equip\u00e9 de nos gilets fluorescents, de nos chaussures de s\u00e9curit\u00e9s (ou sur-chaussures pr\u00eat\u00e9es par l\u2019entreprise) et de nos \u00e9couteurs , nous voil\u00e0 parti pour une visite d\u2019une heure\u00a0!<\/p>\n\n\n\n<p><\/p>\n\n\n\n<figure class=\"wp-block-gallery has-nested-images columns-default is-cropped wp-block-gallery-2 is-layout-flex wp-block-gallery-is-layout-flex\">\n<figure class=\"wp-block-image size-large is-style-rounded\"><img loading=\"lazy\" decoding=\"async\" width=\"538\" height=\"718\" data-id=\"2611\" src=\"http:\/\/amicale-des-anciens-hager-tehalit.fr\/wp-content\/uploads\/2024\/11\/Image4.jpg\" alt=\"\" class=\"wp-image-2611\" srcset=\"https:\/\/amicale-des-anciens-hager-tehalit.fr\/wp-content\/uploads\/2024\/11\/Image4.jpg 538w, https:\/\/amicale-des-anciens-hager-tehalit.fr\/wp-content\/uploads\/2024\/11\/Image4-225x300.jpg 225w\" sizes=\"auto, (max-width: 538px) 100vw, 538px\" \/><\/figure>\n\n\n\n<figure class=\"wp-block-image size-large is-style-rounded\"><img loading=\"lazy\" decoding=\"async\" width=\"542\" height=\"722\" data-id=\"2612\" src=\"http:\/\/amicale-des-anciens-hager-tehalit.fr\/wp-content\/uploads\/2024\/11\/Image5.jpg\" alt=\"\" class=\"wp-image-2612\" srcset=\"https:\/\/amicale-des-anciens-hager-tehalit.fr\/wp-content\/uploads\/2024\/11\/Image5.jpg 542w, https:\/\/amicale-des-anciens-hager-tehalit.fr\/wp-content\/uploads\/2024\/11\/Image5-225x300.jpg 225w\" sizes=\"auto, (max-width: 542px) 100vw, 542px\" \/><\/figure>\n<\/figure>\n\n\n\n<p><\/p>\n\n\n\n<p class=\"has-medium-font-size\">Le fil conducteur de notre visite \u00e9tait principalement li\u00e9 aux nouveaut\u00e9s (nouvel atelier relais, l\u2019assemblage U1 avec la nouvelle ligne BP4 ainsi que la ligne de finition et d\u2019exp\u00e9dition (LFE), et pour finir le nouveau laboratoire baptis\u00e9 TARANIS \u2026<\/p>\n\n\n\n<p><\/p>\n\n\n\n<h2 class=\"wp-block-heading has-large-font-size\">Le nouveau relais :<\/h2>\n\n\n\n<p class=\"has-medium-font-size\">Qu\u2019est-ce que le relais&nbsp;?<\/p>\n\n\n\n<p class=\"has-medium-font-size\">C\u2019est la pi\u00e8ce majeure des produits de protection des personnes (interrupteur ou disjoncteur diff\u00e9rentiel).<\/p>\n\n\n\n<p class=\"has-medium-font-size\">En cas de fuite de courant \u00e0 la terre (risque d\u2019\u00e9lectrocution), l\u2019appareil diff\u00e9rentiel envoie une \u00e9nergie \u00e9lectrique\u200b au relais qui provoque le d\u00e9clenchement de l\u2019appareil de protection\u200b diff\u00e9rentielle.<\/p>\n\n\n\n<p><\/p>\n\n\n\n<p class=\"has-medium-font-size\">Objectif du nouvel atelier de fabrication du relais.<\/p>\n\n\n\n<p class=\"has-medium-font-size\">1\/ Augmentation de la production des relais&nbsp;: 200 000 relais produits par semaine.<\/p>\n\n\n\n<p class=\"has-medium-font-size\">2\/ Obernai \u00e9tant le seul fabricant de relais pour tout le groupe (clients&nbsp;: Obernai, Bischwiller, Pologne, Inde et Chine), il fallait cr\u00e9er un second atelier pour garantir la p\u00e9rennit\u00e9 de la fabrication en cas de sinistre (Ex&nbsp;: incendie de l\u2019atelier).<\/p>\n\n\n\n<p><\/p>\n\n\n\n<h2 class=\"wp-block-heading has-large-font-size\">Secteur assemblage U1\u00a0:<\/h2>\n\n\n\n<p><\/p>\n\n\n\n<figure class=\"wp-block-gallery has-nested-images columns-default is-cropped wp-block-gallery-3 is-layout-flex wp-block-gallery-is-layout-flex\">\n<figure class=\"wp-block-image size-large is-style-rounded\"><img loading=\"lazy\" decoding=\"async\" width=\"505\" height=\"675\" data-id=\"2619\" src=\"http:\/\/amicale-des-anciens-hager-tehalit.fr\/wp-content\/uploads\/2024\/11\/Image6.jpg\" alt=\"\" class=\"wp-image-2619\" srcset=\"https:\/\/amicale-des-anciens-hager-tehalit.fr\/wp-content\/uploads\/2024\/11\/Image6.jpg 505w, https:\/\/amicale-des-anciens-hager-tehalit.fr\/wp-content\/uploads\/2024\/11\/Image6-224x300.jpg 224w\" sizes=\"auto, (max-width: 505px) 100vw, 505px\" \/><\/figure>\n<\/figure>\n\n\n\n<p><\/p>\n\n\n\n<p class=\"has-medium-font-size\">Le secteur r\u00e9alise l\u2019assemblage total en automatique ainsi que le r\u00e9glage et contr\u00f4le des disjoncteurs destin\u00e9s aux march\u00e9s europ\u00e9en (except\u00e9 la France&nbsp;: disjoncteur phase neutre fabriqu\u00e9 en U3), la Chine, l\u2019Inde et l\u2019Australie.<\/p>\n\n\n\n<p class=\"has-medium-font-size\">Trois lignes d\u2019assemblage automatis\u00e9es (BP2 et BP4 disjoncteurs unipolaires et BP3 disjoncteurs multipolaires).<\/p>\n\n\n\n<p class=\"has-medium-font-size\">BP2 et BP3 ont \u00e9t\u00e9 install\u00e9es en 2010 et 2011 pour une capacit\u00e9 de 42 pi\u00e8ces par minute.<\/p>\n\n\n\n<p class=\"has-medium-font-size\">BP 4 a vu le jour en 2024 pour une capacit\u00e9 de 45 pi\u00e8ces par minute <\/p>\n\n\n\n<p class=\"has-medium-font-size\">(Co\u00fbt de l\u2019investissement : 11 Millions d\u2019euros).<\/p>\n\n\n\n<p><\/p>\n\n\n\n<p class=\"has-medium-font-size\">La nouvelle ligne LFE (Ligne de Finition et d\u2019Emballage) totalement automatis\u00e9e d\u2019une longueur de 70 m\u00e8tres a \u00e9t\u00e9 mise en service en mars 2024 pour un investissement de 5 millions d\u2019Euros.<\/p>\n\n\n\n<p class=\"has-medium-font-size\">On y retrouve des op\u00e9rations de marquages sp\u00e9cifiques.<\/p>\n\n\n\n<p class=\"has-medium-font-size\">En voici quelques-unes.<\/p>\n\n\n\n<p class=\"has-medium-font-size\">Etape 4&nbsp;: Le logo Hager (tampographie).<\/p>\n\n\n\n<p class=\"has-medium-font-size\">Etape 5&nbsp;: Marquage au laser de la manette.<\/p>\n\n\n\n<p class=\"has-medium-font-size\">Etape 7&nbsp;: Marquage de la r\u00e9f\u00e9rence (laser).<\/p>\n\n\n\n<p class=\"has-medium-font-size\">Etape 10&nbsp;: Marquage lat\u00e9ral \u00ab&nbsp;Made in France&nbsp;\u00bb, n\u00b0 de s\u00e9rie, code-barre.<\/p>\n\n\n\n<p><\/p>\n\n\n\n<figure class=\"wp-block-gallery has-nested-images columns-default is-cropped wp-block-gallery-4 is-layout-flex wp-block-gallery-is-layout-flex\">\n<figure class=\"wp-block-image size-large\"><img loading=\"lazy\" decoding=\"async\" width=\"1024\" height=\"768\" data-id=\"2624\" src=\"http:\/\/amicale-des-anciens-hager-tehalit.fr\/wp-content\/uploads\/2024\/11\/Image7-1024x768.png\" alt=\"\" class=\"wp-image-2624\" srcset=\"https:\/\/amicale-des-anciens-hager-tehalit.fr\/wp-content\/uploads\/2024\/11\/Image7-1024x768.png 1024w, https:\/\/amicale-des-anciens-hager-tehalit.fr\/wp-content\/uploads\/2024\/11\/Image7-300x225.png 300w, https:\/\/amicale-des-anciens-hager-tehalit.fr\/wp-content\/uploads\/2024\/11\/Image7-768x576.png 768w, https:\/\/amicale-des-anciens-hager-tehalit.fr\/wp-content\/uploads\/2024\/11\/Image7-1320x990.png 1320w, https:\/\/amicale-des-anciens-hager-tehalit.fr\/wp-content\/uploads\/2024\/11\/Image7.png 1415w\" sizes=\"auto, (max-width: 1024px) 100vw, 1024px\" \/><\/figure>\n<\/figure>\n\n\n\n<p><\/p>\n\n\n\n<p class=\"has-medium-font-size\">Les produits finis partent directement au centre de distribution de Vendenheim pour livraison chez le client final.<\/p>\n\n\n\n<p><\/p>\n\n\n\n<h2 class=\"wp-block-heading has-large-font-size\">Le Laboratoire TARANIS\u00a0:<\/h2>\n\n\n\n<p class=\"has-medium-font-size\">Ce nouveau laboratoire a pour objectif d\u2019acqu\u00e9rir une totale autonomie en termes d\u2019essais laboratoire et de certification.<\/p>\n\n\n\n<p class=\"has-medium-font-size\">Le laboratoire actuel avec une capacit\u00e9 de 15&nbsp;000 Amp\u00e8res en court-circuit est suffisant pour nos appareils modulaires mais pour nos gammes sup\u00e9rieures (MCCB et ACB) nous sommes d\u00e9pendant des soci\u00e9t\u00e9s SOCOMEC ou SAAT en Chine.<\/p>\n\n\n\n<p class=\"has-medium-font-size\">TARANIS avec une capacit\u00e9 de 150&nbsp;000 Amp\u00e8res, sera le plus performant du Grand-Est et l&rsquo;un des plus puissants en Europe. Il permettra de d\u00e9velopper et valider des disjoncteurs et des syst\u00e8mes de distribution de forte puissance (appareillages de protection et armoires \u00e9lectriques).&nbsp;<\/p>\n\n\n\n<p class=\"has-medium-font-size\">Il int\u00e8gre un alternateur de forme cylindrique de plus de 7\u202fm\u00e8tres de long et 3\u202fm\u00e8tres de diam\u00e8tre, pesant plus de 100\u202ftonnes.<\/p>\n\n\n\n<p><\/p>\n\n\n\n<figure class=\"wp-block-gallery has-nested-images columns-default is-cropped wp-block-gallery-5 is-layout-flex wp-block-gallery-is-layout-flex\">\n<figure class=\"wp-block-image size-large\"><img loading=\"lazy\" decoding=\"async\" width=\"370\" height=\"231\" data-id=\"2635\" src=\"http:\/\/amicale-des-anciens-hager-tehalit.fr\/wp-content\/uploads\/2024\/11\/Image8.jpg\" alt=\"\" class=\"wp-image-2635\" srcset=\"https:\/\/amicale-des-anciens-hager-tehalit.fr\/wp-content\/uploads\/2024\/11\/Image8.jpg 370w, https:\/\/amicale-des-anciens-hager-tehalit.fr\/wp-content\/uploads\/2024\/11\/Image8-300x187.jpg 300w\" sizes=\"auto, (max-width: 370px) 100vw, 370px\" \/><\/figure>\n<\/figure>\n\n\n\n<p><\/p>\n\n\n\n<p class=\"has-medium-font-size\">Co\u00fbt du projet\u00a0: 16 Millions \u20ac (avec soutien financier de la R\u00e9gion Grand Est)<\/p>\n\n\n\n<p><\/p>\n\n\n\n<p class=\"has-medium-font-size\">A la fin de cette visite, beaucoup d\u2019entre nous se sentaient fiers de ces projets et de constater que l\u2019entreprise investie encore sur nos sites alsaciens \u2026<\/p>\n","protected":false},"excerpt":{"rendered":"<p>Vous \u00e9tiez nombreux \u00e0 nous avoir demander une visite d\u2019usines &#8230; cette ann\u00e9e le comit\u00e9 a eu l\u2019opportunit\u00e9 d\u2019organiser celle-ci. Pour des raisons de s\u00e9curit\u00e9, nous avons d\u00fb cr\u00e9er des groupes de 20 personnes&#46;&#46;&#46;<\/p>\n","protected":false},"author":1,"featured_media":2593,"comment_status":"open","ping_status":"open","sticky":false,"template":"","format":"standard","meta":{"footnotes":""},"categories":[6],"tags":[],"class_list":["post-2592","post","type-post","status-publish","format-standard","has-post-thumbnail","hentry","category-sorties","odd"],"_links":{"self":[{"href":"https:\/\/amicale-des-anciens-hager-tehalit.fr\/index.php\/wp-json\/wp\/v2\/posts\/2592","targetHints":{"allow":["GET"]}}],"collection":[{"href":"https:\/\/amicale-des-anciens-hager-tehalit.fr\/index.php\/wp-json\/wp\/v2\/posts"}],"about":[{"href":"https:\/\/amicale-des-anciens-hager-tehalit.fr\/index.php\/wp-json\/wp\/v2\/types\/post"}],"author":[{"embeddable":true,"href":"https:\/\/amicale-des-anciens-hager-tehalit.fr\/index.php\/wp-json\/wp\/v2\/users\/1"}],"replies":[{"embeddable":true,"href":"https:\/\/amicale-des-anciens-hager-tehalit.fr\/index.php\/wp-json\/wp\/v2\/comments?post=2592"}],"version-history":[{"count":46,"href":"https:\/\/amicale-des-anciens-hager-tehalit.fr\/index.php\/wp-json\/wp\/v2\/posts\/2592\/revisions"}],"predecessor-version":[{"id":2647,"href":"https:\/\/amicale-des-anciens-hager-tehalit.fr\/index.php\/wp-json\/wp\/v2\/posts\/2592\/revisions\/2647"}],"wp:featuredmedia":[{"embeddable":true,"href":"https:\/\/amicale-des-anciens-hager-tehalit.fr\/index.php\/wp-json\/wp\/v2\/media\/2593"}],"wp:attachment":[{"href":"https:\/\/amicale-des-anciens-hager-tehalit.fr\/index.php\/wp-json\/wp\/v2\/media?parent=2592"}],"wp:term":[{"taxonomy":"category","embeddable":true,"href":"https:\/\/amicale-des-anciens-hager-tehalit.fr\/index.php\/wp-json\/wp\/v2\/categories?post=2592"},{"taxonomy":"post_tag","embeddable":true,"href":"https:\/\/amicale-des-anciens-hager-tehalit.fr\/index.php\/wp-json\/wp\/v2\/tags?post=2592"}],"curies":[{"name":"wp","href":"https:\/\/api.w.org\/{rel}","templated":true}]}}