{"id":1830,"date":"2022-11-27T19:34:08","date_gmt":"2022-11-27T18:34:08","guid":{"rendered":"http:\/\/amicale-des-anciens-hager-tehalit.fr\/?p=1830"},"modified":"2022-11-27T19:34:10","modified_gmt":"2022-11-27T18:34:10","slug":"assemblee-generale-du-18-novembre-2022","status":"publish","type":"post","link":"https:\/\/amicale-des-anciens-hager-tehalit.fr\/index.php\/2022\/11\/27\/assemblee-generale-du-18-novembre-2022\/","title":{"rendered":"ASSEMBLEE GENERALE DU 18 NOVEMBRE 2022"},"content":{"rendered":"\n<p><\/p>\n\n\n\n<p><\/p>\n\n\n\n<p class=\"has-medium-font-size\">Comme chaque ann\u00e9e, l&rsquo;ensemble des membres de l&rsquo;amicale des anciens Hager-Tehalit se sont retrouv\u00e9s pour leur assembl\u00e9e g\u00e9n\u00e9rale.<\/p>\n\n\n\n<p><\/p>\n\n\n\n<p><\/p>\n\n\n\n<p><\/p>\n\n\n\n<figure class=\"wp-block-gallery has-nested-images columns-default is-cropped wp-block-gallery-1 is-layout-flex wp-block-gallery-is-layout-flex\">\n<figure class=\"wp-block-image size-large\"><img loading=\"lazy\" decoding=\"async\" width=\"2560\" height=\"2560\" data-id=\"1816\" src=\"http:\/\/amicale-des-anciens-hager-tehalit.fr\/wp-content\/uploads\/2022\/11\/IMG_20221117_142553-scaled.jpg\" alt=\"\" class=\"wp-image-1816\" srcset=\"https:\/\/amicale-des-anciens-hager-tehalit.fr\/wp-content\/uploads\/2022\/11\/IMG_20221117_142553-scaled.jpg 2560w, https:\/\/amicale-des-anciens-hager-tehalit.fr\/wp-content\/uploads\/2022\/11\/IMG_20221117_142553-300x300.jpg 300w, https:\/\/amicale-des-anciens-hager-tehalit.fr\/wp-content\/uploads\/2022\/11\/IMG_20221117_142553-1024x1024.jpg 1024w, https:\/\/amicale-des-anciens-hager-tehalit.fr\/wp-content\/uploads\/2022\/11\/IMG_20221117_142553-150x150.jpg 150w, https:\/\/amicale-des-anciens-hager-tehalit.fr\/wp-content\/uploads\/2022\/11\/IMG_20221117_142553-768x768.jpg 768w\" sizes=\"auto, (max-width: 2560px) 100vw, 2560px\" \/><\/figure>\n\n\n\n<figure class=\"wp-block-image size-large\"><img loading=\"lazy\" decoding=\"async\" width=\"2560\" height=\"2560\" data-id=\"1818\" src=\"http:\/\/amicale-des-anciens-hager-tehalit.fr\/wp-content\/uploads\/2022\/11\/IMG_20221117_142641-scaled.jpg\" alt=\"\" class=\"wp-image-1818\" srcset=\"https:\/\/amicale-des-anciens-hager-tehalit.fr\/wp-content\/uploads\/2022\/11\/IMG_20221117_142641-scaled.jpg 2560w, https:\/\/amicale-des-anciens-hager-tehalit.fr\/wp-content\/uploads\/2022\/11\/IMG_20221117_142641-300x300.jpg 300w, https:\/\/amicale-des-anciens-hager-tehalit.fr\/wp-content\/uploads\/2022\/11\/IMG_20221117_142641-1024x1024.jpg 1024w, https:\/\/amicale-des-anciens-hager-tehalit.fr\/wp-content\/uploads\/2022\/11\/IMG_20221117_142641-150x150.jpg 150w, https:\/\/amicale-des-anciens-hager-tehalit.fr\/wp-content\/uploads\/2022\/11\/IMG_20221117_142641-768x768.jpg 768w, https:\/\/amicale-des-anciens-hager-tehalit.fr\/wp-content\/uploads\/2022\/11\/IMG_20221117_142641-1536x1536.jpg 1536w\" sizes=\"auto, (max-width: 2560px) 100vw, 2560px\" \/><\/figure>\n\n\n\n<figure class=\"wp-block-image size-large\"><img loading=\"lazy\" decoding=\"async\" width=\"2560\" height=\"2560\" data-id=\"1820\" src=\"http:\/\/amicale-des-anciens-hager-tehalit.fr\/wp-content\/uploads\/2022\/11\/IMG_20221117_152029-scaled.jpg\" alt=\"\" class=\"wp-image-1820\" srcset=\"https:\/\/amicale-des-anciens-hager-tehalit.fr\/wp-content\/uploads\/2022\/11\/IMG_20221117_152029-scaled.jpg 2560w, https:\/\/amicale-des-anciens-hager-tehalit.fr\/wp-content\/uploads\/2022\/11\/IMG_20221117_152029-300x300.jpg 300w, https:\/\/amicale-des-anciens-hager-tehalit.fr\/wp-content\/uploads\/2022\/11\/IMG_20221117_152029-1024x1024.jpg 1024w, https:\/\/amicale-des-anciens-hager-tehalit.fr\/wp-content\/uploads\/2022\/11\/IMG_20221117_152029-150x150.jpg 150w, https:\/\/amicale-des-anciens-hager-tehalit.fr\/wp-content\/uploads\/2022\/11\/IMG_20221117_152029-768x768.jpg 768w\" sizes=\"auto, (max-width: 2560px) 100vw, 2560px\" \/><\/figure>\n<\/figure>\n\n\n\n<p class=\"has-medium-font-size\">Pour pr\u00e9parer cette soir\u00e9e, le comit\u00e9, aid\u00e9 de volontaires a pr\u00e9par\u00e9 la salle pour le traditionnel diner dansant<\/p>\n\n\n\n<p class=\"has-medium-font-size\">.<\/p>\n\n\n\n<figure class=\"wp-block-gallery has-nested-images columns-default is-cropped wp-block-gallery-2 is-layout-flex wp-block-gallery-is-layout-flex\">\n<figure class=\"wp-block-image size-large\"><img loading=\"lazy\" decoding=\"async\" width=\"2560\" height=\"2560\" data-id=\"1819\" src=\"http:\/\/amicale-des-anciens-hager-tehalit.fr\/wp-content\/uploads\/2022\/11\/IMG_20221118_164059-scaled.jpg\" alt=\"\" class=\"wp-image-1819\" srcset=\"https:\/\/amicale-des-anciens-hager-tehalit.fr\/wp-content\/uploads\/2022\/11\/IMG_20221118_164059-scaled.jpg 2560w, https:\/\/amicale-des-anciens-hager-tehalit.fr\/wp-content\/uploads\/2022\/11\/IMG_20221118_164059-300x300.jpg 300w, https:\/\/amicale-des-anciens-hager-tehalit.fr\/wp-content\/uploads\/2022\/11\/IMG_20221118_164059-1024x1024.jpg 1024w, https:\/\/amicale-des-anciens-hager-tehalit.fr\/wp-content\/uploads\/2022\/11\/IMG_20221118_164059-150x150.jpg 150w\" sizes=\"auto, (max-width: 2560px) 100vw, 2560px\" \/><\/figure>\n<\/figure>\n\n\n\n<p><\/p>\n\n\n\n<p class=\"has-medium-font-size\"><\/p>\n\n\n\n<p class=\"has-medium-font-size\"> La pr\u00e9sidente, Madame Marie-Claude Weil, ouvre la s\u00e9ance \u00e0 16h30 par un discours de bienvenue, c\u00e8de la parole \u00e0 Mme Laurie Schaeffer pour l&rsquo;entreprise Hager et \u00e0 Mme Sabina David de la soci\u00e9t\u00e9 Roederer.<\/p>\n\n\n\n<figure class=\"wp-block-gallery has-nested-images columns-default is-cropped wp-block-gallery-3 is-layout-flex wp-block-gallery-is-layout-flex\">\n<figure class=\"wp-block-image size-large\"><img decoding=\"async\" data-id=\"1822\" src=\"http:\/\/amicale-des-anciens-hager-tehalit.fr\/wp-content\/uploads\/2022\/11\/IMG_20221118_164248.jpg\" alt=\"\" class=\"wp-image-1822\"\/><\/figure>\n\n\n\n<figure class=\"wp-block-image size-large\"><img loading=\"lazy\" decoding=\"async\" width=\"2560\" height=\"2560\" data-id=\"1823\" src=\"http:\/\/amicale-des-anciens-hager-tehalit.fr\/wp-content\/uploads\/2022\/11\/IMG_20221118_170440-scaled.jpg\" alt=\"\" class=\"wp-image-1823\" srcset=\"https:\/\/amicale-des-anciens-hager-tehalit.fr\/wp-content\/uploads\/2022\/11\/IMG_20221118_170440-scaled.jpg 2560w, https:\/\/amicale-des-anciens-hager-tehalit.fr\/wp-content\/uploads\/2022\/11\/IMG_20221118_170440-300x300.jpg 300w, https:\/\/amicale-des-anciens-hager-tehalit.fr\/wp-content\/uploads\/2022\/11\/IMG_20221118_170440-1024x1024.jpg 1024w, https:\/\/amicale-des-anciens-hager-tehalit.fr\/wp-content\/uploads\/2022\/11\/IMG_20221118_170440-150x150.jpg 150w, https:\/\/amicale-des-anciens-hager-tehalit.fr\/wp-content\/uploads\/2022\/11\/IMG_20221118_170440-768x768.jpg 768w, https:\/\/amicale-des-anciens-hager-tehalit.fr\/wp-content\/uploads\/2022\/11\/IMG_20221118_170440-1536x1536.jpg 1536w, https:\/\/amicale-des-anciens-hager-tehalit.fr\/wp-content\/uploads\/2022\/11\/IMG_20221118_170440-2048x2048.jpg 2048w, https:\/\/amicale-des-anciens-hager-tehalit.fr\/wp-content\/uploads\/2022\/11\/IMG_20221118_170440-80x80.jpg 80w, https:\/\/amicale-des-anciens-hager-tehalit.fr\/wp-content\/uploads\/2022\/11\/IMG_20221118_170440-320x320.jpg 320w, https:\/\/amicale-des-anciens-hager-tehalit.fr\/wp-content\/uploads\/2022\/11\/IMG_20221118_170440-1320x1320.jpg 1320w\" sizes=\"auto, (max-width: 2560px) 100vw, 2560px\" \/><\/figure>\n<\/figure>\n\n\n\n<p class=\"has-medium-font-size\">Anette Jost, secr\u00e9taire, Dani\u00e8le Horny, tr\u00e9sori\u00e8re, et Marianne Kuntzmann ont pr\u00e9sent\u00e9 le rapport d&rsquo;activit\u00e9, le bilan financier et le rapport des commissaires aux comptes.<\/p>\n\n\n\n<p class=\"has-medium-font-size\"> <\/p>\n\n\n\n<figure class=\"wp-block-gallery has-nested-images columns-default is-cropped wp-block-gallery-4 is-layout-flex wp-block-gallery-is-layout-flex\">\n<figure class=\"wp-block-image size-large\"><img loading=\"lazy\" decoding=\"async\" width=\"2560\" height=\"2560\" data-id=\"1824\" src=\"http:\/\/amicale-des-anciens-hager-tehalit.fr\/wp-content\/uploads\/2022\/11\/IMG_20221118_173123-scaled.jpg\" alt=\"\" class=\"wp-image-1824\" srcset=\"https:\/\/amicale-des-anciens-hager-tehalit.fr\/wp-content\/uploads\/2022\/11\/IMG_20221118_173123-scaled.jpg 2560w, https:\/\/amicale-des-anciens-hager-tehalit.fr\/wp-content\/uploads\/2022\/11\/IMG_20221118_173123-300x300.jpg 300w, https:\/\/amicale-des-anciens-hager-tehalit.fr\/wp-content\/uploads\/2022\/11\/IMG_20221118_173123-1024x1024.jpg 1024w, https:\/\/amicale-des-anciens-hager-tehalit.fr\/wp-content\/uploads\/2022\/11\/IMG_20221118_173123-150x150.jpg 150w, https:\/\/amicale-des-anciens-hager-tehalit.fr\/wp-content\/uploads\/2022\/11\/IMG_20221118_173123-768x768.jpg 768w, https:\/\/amicale-des-anciens-hager-tehalit.fr\/wp-content\/uploads\/2022\/11\/IMG_20221118_173123-1536x1536.jpg 1536w, https:\/\/amicale-des-anciens-hager-tehalit.fr\/wp-content\/uploads\/2022\/11\/IMG_20221118_173123-2048x2048.jpg 2048w, https:\/\/amicale-des-anciens-hager-tehalit.fr\/wp-content\/uploads\/2022\/11\/IMG_20221118_173123-80x80.jpg 80w, https:\/\/amicale-des-anciens-hager-tehalit.fr\/wp-content\/uploads\/2022\/11\/IMG_20221118_173123-320x320.jpg 320w, https:\/\/amicale-des-anciens-hager-tehalit.fr\/wp-content\/uploads\/2022\/11\/IMG_20221118_173123-1320x1320.jpg 1320w\" sizes=\"auto, (max-width: 2560px) 100vw, 2560px\" \/><\/figure>\n\n\n\n<figure class=\"wp-block-image size-large\"><img decoding=\"async\" data-id=\"1825\" src=\"http:\/\/amicale-des-anciens-hager-tehalit.fr\/wp-content\/uploads\/2022\/11\/IMG_20221118_173136.jpg\" alt=\"\" class=\"wp-image-1825\"\/><\/figure>\n\n\n\n<figure class=\"wp-block-image size-large\"><img loading=\"lazy\" decoding=\"async\" width=\"2560\" height=\"2560\" data-id=\"1826\" src=\"http:\/\/amicale-des-anciens-hager-tehalit.fr\/wp-content\/uploads\/2022\/11\/IMG_20221118_173348-scaled.jpg\" alt=\"\" class=\"wp-image-1826\" srcset=\"https:\/\/amicale-des-anciens-hager-tehalit.fr\/wp-content\/uploads\/2022\/11\/IMG_20221118_173348-scaled.jpg 2560w, https:\/\/amicale-des-anciens-hager-tehalit.fr\/wp-content\/uploads\/2022\/11\/IMG_20221118_173348-300x300.jpg 300w, https:\/\/amicale-des-anciens-hager-tehalit.fr\/wp-content\/uploads\/2022\/11\/IMG_20221118_173348-1024x1024.jpg 1024w, https:\/\/amicale-des-anciens-hager-tehalit.fr\/wp-content\/uploads\/2022\/11\/IMG_20221118_173348-150x150.jpg 150w, https:\/\/amicale-des-anciens-hager-tehalit.fr\/wp-content\/uploads\/2022\/11\/IMG_20221118_173348-768x768.jpg 768w, https:\/\/amicale-des-anciens-hager-tehalit.fr\/wp-content\/uploads\/2022\/11\/IMG_20221118_173348-1536x1536.jpg 1536w, https:\/\/amicale-des-anciens-hager-tehalit.fr\/wp-content\/uploads\/2022\/11\/IMG_20221118_173348-2048x2048.jpg 2048w, https:\/\/amicale-des-anciens-hager-tehalit.fr\/wp-content\/uploads\/2022\/11\/IMG_20221118_173348-80x80.jpg 80w, https:\/\/amicale-des-anciens-hager-tehalit.fr\/wp-content\/uploads\/2022\/11\/IMG_20221118_173348-320x320.jpg 320w, https:\/\/amicale-des-anciens-hager-tehalit.fr\/wp-content\/uploads\/2022\/11\/IMG_20221118_173348-1320x1320.jpg 1320w\" sizes=\"auto, (max-width: 2560px) 100vw, 2560px\" \/><\/figure>\n<\/figure>\n\n\n\n<p class=\"has-medium-font-size\">L&rsquo;assembl\u00e9e, tr\u00e8s int\u00e9ress\u00e9e a suivi attentivement les pr\u00e9sentations des diff\u00e9rents intervenants.<\/p>\n\n\n\n<figure class=\"wp-block-gallery has-nested-images columns-default is-cropped wp-block-gallery-5 is-layout-flex wp-block-gallery-is-layout-flex\">\n<figure class=\"wp-block-image size-full\"><img loading=\"lazy\" decoding=\"async\" width=\"2448\" height=\"2448\" data-id=\"1821\" src=\"http:\/\/amicale-des-anciens-hager-tehalit.fr\/wp-content\/uploads\/2022\/11\/IMG_20221118_164312.jpg\" alt=\"\" class=\"wp-image-1821\" srcset=\"https:\/\/amicale-des-anciens-hager-tehalit.fr\/wp-content\/uploads\/2022\/11\/IMG_20221118_164312.jpg 2448w, https:\/\/amicale-des-anciens-hager-tehalit.fr\/wp-content\/uploads\/2022\/11\/IMG_20221118_164312-300x300.jpg 300w, https:\/\/amicale-des-anciens-hager-tehalit.fr\/wp-content\/uploads\/2022\/11\/IMG_20221118_164312-1024x1024.jpg 1024w, https:\/\/amicale-des-anciens-hager-tehalit.fr\/wp-content\/uploads\/2022\/11\/IMG_20221118_164312-150x150.jpg 150w, https:\/\/amicale-des-anciens-hager-tehalit.fr\/wp-content\/uploads\/2022\/11\/IMG_20221118_164312-768x768.jpg 768w, https:\/\/amicale-des-anciens-hager-tehalit.fr\/wp-content\/uploads\/2022\/11\/IMG_20221118_164312-1536x1536.jpg 1536w, https:\/\/amicale-des-anciens-hager-tehalit.fr\/wp-content\/uploads\/2022\/11\/IMG_20221118_164312-2048x2048.jpg 2048w, https:\/\/amicale-des-anciens-hager-tehalit.fr\/wp-content\/uploads\/2022\/11\/IMG_20221118_164312-80x80.jpg 80w, https:\/\/amicale-des-anciens-hager-tehalit.fr\/wp-content\/uploads\/2022\/11\/IMG_20221118_164312-320x320.jpg 320w, https:\/\/amicale-des-anciens-hager-tehalit.fr\/wp-content\/uploads\/2022\/11\/IMG_20221118_164312-1320x1320.jpg 1320w\" sizes=\"auto, (max-width: 2448px) 100vw, 2448px\" \/><\/figure>\n<\/figure>\n\n\n\n<p class=\"has-medium-font-size\">Apr\u00e8s l&rsquo;assembl\u00e9e g\u00e9n\u00e9rale proprement dite, tout le monde s&rsquo;est rendu \u00e0 la salle des f\u00eates d&rsquo;Obernai pour assister au d\u00eener dansant, pr\u00e9c\u00e9d\u00e9 d&rsquo;un ap\u00e9ro plut\u00f4t sympathique.<\/p>\n\n\n\n<p class=\"has-medium-font-size\"> <\/p>\n\n\n\n<figure class=\"wp-block-gallery has-nested-images columns-default is-cropped wp-block-gallery-6 is-layout-flex wp-block-gallery-is-layout-flex\">\n<figure class=\"wp-block-image size-large\"><img loading=\"lazy\" decoding=\"async\" width=\"2560\" height=\"1696\" data-id=\"1795\" src=\"http:\/\/amicale-des-anciens-hager-tehalit.fr\/wp-content\/uploads\/2022\/11\/DSC_0366-scaled.jpg\" alt=\"\" class=\"wp-image-1795\" srcset=\"https:\/\/amicale-des-anciens-hager-tehalit.fr\/wp-content\/uploads\/2022\/11\/DSC_0366-scaled.jpg 2560w, https:\/\/amicale-des-anciens-hager-tehalit.fr\/wp-content\/uploads\/2022\/11\/DSC_0366-300x199.jpg 300w, https:\/\/amicale-des-anciens-hager-tehalit.fr\/wp-content\/uploads\/2022\/11\/DSC_0366-1024x678.jpg 1024w, https:\/\/amicale-des-anciens-hager-tehalit.fr\/wp-content\/uploads\/2022\/11\/DSC_0366-768x509.jpg 768w, https:\/\/amicale-des-anciens-hager-tehalit.fr\/wp-content\/uploads\/2022\/11\/DSC_0366-1536x1017.jpg 1536w\" sizes=\"auto, (max-width: 2560px) 100vw, 2560px\" \/><\/figure>\n\n\n\n<figure class=\"wp-block-image size-large\"><img decoding=\"async\" data-id=\"1793\" src=\"http:\/\/amicale-des-anciens-hager-tehalit.fr\/wp-content\/uploads\/2022\/11\/DSC_0355.jpg\" alt=\"\" class=\"wp-image-1793\"\/><\/figure>\n\n\n\n<figure class=\"wp-block-image size-large\"><img loading=\"lazy\" decoding=\"async\" width=\"2560\" height=\"1696\" data-id=\"1794\" src=\"http:\/\/amicale-des-anciens-hager-tehalit.fr\/wp-content\/uploads\/2022\/11\/DSC_0360-scaled.jpg\" alt=\"\" class=\"wp-image-1794\" srcset=\"https:\/\/amicale-des-anciens-hager-tehalit.fr\/wp-content\/uploads\/2022\/11\/DSC_0360-scaled.jpg 2560w, https:\/\/amicale-des-anciens-hager-tehalit.fr\/wp-content\/uploads\/2022\/11\/DSC_0360-300x199.jpg 300w, https:\/\/amicale-des-anciens-hager-tehalit.fr\/wp-content\/uploads\/2022\/11\/DSC_0360-1024x678.jpg 1024w, https:\/\/amicale-des-anciens-hager-tehalit.fr\/wp-content\/uploads\/2022\/11\/DSC_0360-768x509.jpg 768w\" sizes=\"auto, (max-width: 2560px) 100vw, 2560px\" \/><\/figure>\n<\/figure>\n\n\n\n<figure class=\"wp-block-gallery has-nested-images columns-default is-cropped wp-block-gallery-7 is-layout-flex wp-block-gallery-is-layout-flex\">\n<figure class=\"wp-block-image size-large\"><img decoding=\"async\" data-id=\"1791\" src=\"http:\/\/amicale-des-anciens-hager-tehalit.fr\/wp-content\/uploads\/2022\/11\/DSC_0358.jpg\" alt=\"\" class=\"wp-image-1791\"\/><\/figure>\n\n\n\n<figure class=\"wp-block-image size-large\"><img loading=\"lazy\" decoding=\"async\" width=\"2560\" height=\"1696\" data-id=\"1790\" src=\"http:\/\/amicale-des-anciens-hager-tehalit.fr\/wp-content\/uploads\/2022\/11\/DSC_0376-scaled.jpg\" alt=\"\" class=\"wp-image-1790\" srcset=\"https:\/\/amicale-des-anciens-hager-tehalit.fr\/wp-content\/uploads\/2022\/11\/DSC_0376-scaled.jpg 2560w, https:\/\/amicale-des-anciens-hager-tehalit.fr\/wp-content\/uploads\/2022\/11\/DSC_0376-300x199.jpg 300w\" sizes=\"auto, (max-width: 2560px) 100vw, 2560px\" \/><\/figure>\n\n\n\n<figure class=\"wp-block-image size-large\"><img decoding=\"async\" data-id=\"1792\" src=\"http:\/\/amicale-des-anciens-hager-tehalit.fr\/wp-content\/uploads\/2022\/11\/DSC_0375.jpg\" alt=\"\" class=\"wp-image-1792\"\/><\/figure>\n<\/figure>\n\n\n\n<p><\/p>\n\n\n\n<p class=\"has-medium-font-size\">Les membres du comit\u00e9 ont profit\u00e9 d&rsquo;une courte pause pour remettre un joli bouquet \u00e0 Marie-Claude en remerciement pour le travail qu&rsquo;elle a fourni durant toutes ces ann\u00e9es.<\/p>\n\n\n\n<figure class=\"wp-block-gallery has-nested-images columns-default is-cropped wp-block-gallery-8 is-layout-flex wp-block-gallery-is-layout-flex\">\n<figure class=\"wp-block-image size-large\"><img decoding=\"async\" data-id=\"1797\" src=\"http:\/\/amicale-des-anciens-hager-tehalit.fr\/wp-content\/uploads\/2022\/11\/DSC_0398.jpg\" alt=\"\" class=\"wp-image-1797\"\/><\/figure>\n\n\n\n<figure class=\"wp-block-image size-large\"><img loading=\"lazy\" decoding=\"async\" width=\"2560\" height=\"1696\" data-id=\"1799\" src=\"http:\/\/amicale-des-anciens-hager-tehalit.fr\/wp-content\/uploads\/2022\/11\/DSC_0399-scaled.jpg\" alt=\"\" class=\"wp-image-1799\" srcset=\"https:\/\/amicale-des-anciens-hager-tehalit.fr\/wp-content\/uploads\/2022\/11\/DSC_0399-scaled.jpg 2560w, https:\/\/amicale-des-anciens-hager-tehalit.fr\/wp-content\/uploads\/2022\/11\/DSC_0399-300x199.jpg 300w\" sizes=\"auto, (max-width: 2560px) 100vw, 2560px\" \/><\/figure>\n<\/figure>\n\n\n\n<p class=\"has-medium-font-size\">Le repas, pr\u00e9par\u00e9 par les cuisiniers du restaurant d&rsquo;entreprise, est servi par une sympathique \u00e9quipe de jolies serveuses!<\/p>\n\n\n\n<figure class=\"wp-block-image size-large\"><img loading=\"lazy\" decoding=\"async\" width=\"1024\" height=\"678\" src=\"http:\/\/amicale-des-anciens-hager-tehalit.fr\/wp-content\/uploads\/2022\/11\/DSC_0395-1024x678.jpg\" alt=\"\" class=\"wp-image-1796\" srcset=\"https:\/\/amicale-des-anciens-hager-tehalit.fr\/wp-content\/uploads\/2022\/11\/DSC_0395-1024x678.jpg 1024w, https:\/\/amicale-des-anciens-hager-tehalit.fr\/wp-content\/uploads\/2022\/11\/DSC_0395-300x199.jpg 300w, https:\/\/amicale-des-anciens-hager-tehalit.fr\/wp-content\/uploads\/2022\/11\/DSC_0395-768x509.jpg 768w\" sizes=\"auto, (max-width: 1024px) 100vw, 1024px\" \/><\/figure>\n\n\n\n<p class=\"has-medium-font-size\">L&rsquo;ensemble des retrait\u00e9s a pris beaucoup de plaisir \u00e0 se retrouver, et \u00e0 bien manger!<\/p>\n\n\n\n<figure class=\"wp-block-gallery has-nested-images columns-default is-cropped wp-block-gallery-9 is-layout-flex wp-block-gallery-is-layout-flex\">\n<figure class=\"wp-block-image size-large\"><img loading=\"lazy\" decoding=\"async\" width=\"2560\" height=\"1696\" data-id=\"1806\" src=\"http:\/\/amicale-des-anciens-hager-tehalit.fr\/wp-content\/uploads\/2022\/11\/DSC_0415-scaled.jpg\" alt=\"\" class=\"wp-image-1806\" srcset=\"https:\/\/amicale-des-anciens-hager-tehalit.fr\/wp-content\/uploads\/2022\/11\/DSC_0415-scaled.jpg 2560w, https:\/\/amicale-des-anciens-hager-tehalit.fr\/wp-content\/uploads\/2022\/11\/DSC_0415-300x199.jpg 300w, https:\/\/amicale-des-anciens-hager-tehalit.fr\/wp-content\/uploads\/2022\/11\/DSC_0415-1024x678.jpg 1024w, https:\/\/amicale-des-anciens-hager-tehalit.fr\/wp-content\/uploads\/2022\/11\/DSC_0415-768x509.jpg 768w\" sizes=\"auto, (max-width: 2560px) 100vw, 2560px\" \/><\/figure>\n\n\n\n<figure class=\"wp-block-image size-large\"><img loading=\"lazy\" decoding=\"async\" width=\"2560\" height=\"1696\" data-id=\"1807\" src=\"http:\/\/amicale-des-anciens-hager-tehalit.fr\/wp-content\/uploads\/2022\/11\/DSC_0421-scaled.jpg\" alt=\"\" class=\"wp-image-1807\" srcset=\"https:\/\/amicale-des-anciens-hager-tehalit.fr\/wp-content\/uploads\/2022\/11\/DSC_0421-scaled.jpg 2560w, https:\/\/amicale-des-anciens-hager-tehalit.fr\/wp-content\/uploads\/2022\/11\/DSC_0421-300x199.jpg 300w, https:\/\/amicale-des-anciens-hager-tehalit.fr\/wp-content\/uploads\/2022\/11\/DSC_0421-1024x678.jpg 1024w, https:\/\/amicale-des-anciens-hager-tehalit.fr\/wp-content\/uploads\/2022\/11\/DSC_0421-768x509.jpg 768w\" sizes=\"auto, (max-width: 2560px) 100vw, 2560px\" \/><\/figure>\n\n\n\n<figure class=\"wp-block-image size-large\"><img loading=\"lazy\" decoding=\"async\" width=\"2560\" height=\"1696\" data-id=\"1805\" src=\"http:\/\/amicale-des-anciens-hager-tehalit.fr\/wp-content\/uploads\/2022\/11\/DSC_0412-scaled.jpg\" alt=\"\" class=\"wp-image-1805\" srcset=\"https:\/\/amicale-des-anciens-hager-tehalit.fr\/wp-content\/uploads\/2022\/11\/DSC_0412-scaled.jpg 2560w, https:\/\/amicale-des-anciens-hager-tehalit.fr\/wp-content\/uploads\/2022\/11\/DSC_0412-300x199.jpg 300w\" sizes=\"auto, (max-width: 2560px) 100vw, 2560px\" \/><\/figure>\n<\/figure>\n\n\n\n<figure class=\"wp-block-gallery has-nested-images columns-default is-cropped wp-block-gallery-10 is-layout-flex wp-block-gallery-is-layout-flex\">\n<figure class=\"wp-block-image size-large\"><img loading=\"lazy\" decoding=\"async\" width=\"2560\" height=\"1696\" data-id=\"1804\" src=\"http:\/\/amicale-des-anciens-hager-tehalit.fr\/wp-content\/uploads\/2022\/11\/DSC_0414-scaled.jpg\" alt=\"\" class=\"wp-image-1804\" srcset=\"https:\/\/amicale-des-anciens-hager-tehalit.fr\/wp-content\/uploads\/2022\/11\/DSC_0414-scaled.jpg 2560w, https:\/\/amicale-des-anciens-hager-tehalit.fr\/wp-content\/uploads\/2022\/11\/DSC_0414-300x199.jpg 300w\" sizes=\"auto, (max-width: 2560px) 100vw, 2560px\" \/><\/figure>\n\n\n\n<figure class=\"wp-block-image size-large\"><img loading=\"lazy\" decoding=\"async\" width=\"2560\" height=\"1696\" data-id=\"1803\" src=\"http:\/\/amicale-des-anciens-hager-tehalit.fr\/wp-content\/uploads\/2022\/11\/DSC_0411-scaled.jpg\" alt=\"\" class=\"wp-image-1803\" srcset=\"https:\/\/amicale-des-anciens-hager-tehalit.fr\/wp-content\/uploads\/2022\/11\/DSC_0411-scaled.jpg 2560w, https:\/\/amicale-des-anciens-hager-tehalit.fr\/wp-content\/uploads\/2022\/11\/DSC_0411-300x199.jpg 300w, https:\/\/amicale-des-anciens-hager-tehalit.fr\/wp-content\/uploads\/2022\/11\/DSC_0411-1024x678.jpg 1024w, https:\/\/amicale-des-anciens-hager-tehalit.fr\/wp-content\/uploads\/2022\/11\/DSC_0411-768x509.jpg 768w\" sizes=\"auto, (max-width: 2560px) 100vw, 2560px\" \/><\/figure>\n\n\n\n<figure class=\"wp-block-image size-large\"><img loading=\"lazy\" decoding=\"async\" width=\"2560\" height=\"1696\" data-id=\"1801\" src=\"http:\/\/amicale-des-anciens-hager-tehalit.fr\/wp-content\/uploads\/2022\/11\/DSC_0406-scaled.jpg\" alt=\"\" class=\"wp-image-1801\" srcset=\"https:\/\/amicale-des-anciens-hager-tehalit.fr\/wp-content\/uploads\/2022\/11\/DSC_0406-scaled.jpg 2560w, https:\/\/amicale-des-anciens-hager-tehalit.fr\/wp-content\/uploads\/2022\/11\/DSC_0406-300x199.jpg 300w\" sizes=\"auto, (max-width: 2560px) 100vw, 2560px\" \/><\/figure>\n<\/figure>\n\n\n\n<figure class=\"wp-block-gallery has-nested-images columns-default is-cropped wp-block-gallery-11 is-layout-flex wp-block-gallery-is-layout-flex\">\n<figure class=\"wp-block-image size-large\"><img loading=\"lazy\" decoding=\"async\" width=\"2560\" height=\"1696\" data-id=\"1802\" src=\"http:\/\/amicale-des-anciens-hager-tehalit.fr\/wp-content\/uploads\/2022\/11\/DSC_0408-scaled.jpg\" alt=\"\" class=\"wp-image-1802\" srcset=\"https:\/\/amicale-des-anciens-hager-tehalit.fr\/wp-content\/uploads\/2022\/11\/DSC_0408-scaled.jpg 2560w, https:\/\/amicale-des-anciens-hager-tehalit.fr\/wp-content\/uploads\/2022\/11\/DSC_0408-300x199.jpg 300w, https:\/\/amicale-des-anciens-hager-tehalit.fr\/wp-content\/uploads\/2022\/11\/DSC_0408-1024x678.jpg 1024w, https:\/\/amicale-des-anciens-hager-tehalit.fr\/wp-content\/uploads\/2022\/11\/DSC_0408-768x509.jpg 768w\" sizes=\"auto, (max-width: 2560px) 100vw, 2560px\" \/><\/figure>\n\n\n\n<figure class=\"wp-block-image size-large\"><img loading=\"lazy\" decoding=\"async\" width=\"2560\" height=\"1696\" data-id=\"1800\" src=\"http:\/\/amicale-des-anciens-hager-tehalit.fr\/wp-content\/uploads\/2022\/11\/DSC_0405-scaled.jpg\" alt=\"\" class=\"wp-image-1800\" srcset=\"https:\/\/amicale-des-anciens-hager-tehalit.fr\/wp-content\/uploads\/2022\/11\/DSC_0405-scaled.jpg 2560w, https:\/\/amicale-des-anciens-hager-tehalit.fr\/wp-content\/uploads\/2022\/11\/DSC_0405-300x199.jpg 300w, https:\/\/amicale-des-anciens-hager-tehalit.fr\/wp-content\/uploads\/2022\/11\/DSC_0405-1024x678.jpg 1024w, https:\/\/amicale-des-anciens-hager-tehalit.fr\/wp-content\/uploads\/2022\/11\/DSC_0405-768x509.jpg 768w\" sizes=\"auto, (max-width: 2560px) 100vw, 2560px\" \/><\/figure>\n\n\n\n<figure class=\"wp-block-image size-large\"><img loading=\"lazy\" decoding=\"async\" width=\"2560\" height=\"1696\" data-id=\"1798\" src=\"http:\/\/amicale-des-anciens-hager-tehalit.fr\/wp-content\/uploads\/2022\/11\/DSC_0404-scaled.jpg\" alt=\"\" class=\"wp-image-1798\" srcset=\"https:\/\/amicale-des-anciens-hager-tehalit.fr\/wp-content\/uploads\/2022\/11\/DSC_0404-scaled.jpg 2560w, https:\/\/amicale-des-anciens-hager-tehalit.fr\/wp-content\/uploads\/2022\/11\/DSC_0404-300x199.jpg 300w\" sizes=\"auto, (max-width: 2560px) 100vw, 2560px\" \/><\/figure>\n<\/figure>\n\n\n\n<p class=\"has-medium-font-size\">Pendant et apr\u00e8s le repas, l&rsquo;orchestre \u00ab\u00a0DUO TENDANCE\u00a0\u00bb nous fera danser jusqu&rsquo;au petit matin !<\/p>\n\n\n\n<figure class=\"wp-block-gallery has-nested-images columns-default is-cropped wp-block-gallery-12 is-layout-flex wp-block-gallery-is-layout-flex\">\n<figure class=\"wp-block-image size-large\"><img loading=\"lazy\" decoding=\"async\" width=\"2560\" height=\"1696\" data-id=\"1812\" src=\"http:\/\/amicale-des-anciens-hager-tehalit.fr\/wp-content\/uploads\/2022\/11\/DSC_0447-scaled.jpg\" alt=\"\" class=\"wp-image-1812\" srcset=\"https:\/\/amicale-des-anciens-hager-tehalit.fr\/wp-content\/uploads\/2022\/11\/DSC_0447-scaled.jpg 2560w, https:\/\/amicale-des-anciens-hager-tehalit.fr\/wp-content\/uploads\/2022\/11\/DSC_0447-300x199.jpg 300w\" sizes=\"auto, (max-width: 2560px) 100vw, 2560px\" \/><\/figure>\n\n\n\n<figure class=\"wp-block-image size-large\"><img loading=\"lazy\" decoding=\"async\" width=\"2560\" height=\"1696\" data-id=\"1809\" src=\"http:\/\/amicale-des-anciens-hager-tehalit.fr\/wp-content\/uploads\/2022\/11\/DSC_0444-scaled.jpg\" alt=\"\" class=\"wp-image-1809\" srcset=\"https:\/\/amicale-des-anciens-hager-tehalit.fr\/wp-content\/uploads\/2022\/11\/DSC_0444-scaled.jpg 2560w, https:\/\/amicale-des-anciens-hager-tehalit.fr\/wp-content\/uploads\/2022\/11\/DSC_0444-300x199.jpg 300w\" sizes=\"auto, (max-width: 2560px) 100vw, 2560px\" \/><\/figure>\n\n\n\n<figure class=\"wp-block-image size-large\"><img loading=\"lazy\" decoding=\"async\" width=\"2560\" height=\"1696\" data-id=\"1808\" src=\"http:\/\/amicale-des-anciens-hager-tehalit.fr\/wp-content\/uploads\/2022\/11\/DSC_0429-scaled.jpg\" alt=\"\" class=\"wp-image-1808\" srcset=\"https:\/\/amicale-des-anciens-hager-tehalit.fr\/wp-content\/uploads\/2022\/11\/DSC_0429-scaled.jpg 2560w, https:\/\/amicale-des-anciens-hager-tehalit.fr\/wp-content\/uploads\/2022\/11\/DSC_0429-300x199.jpg 300w\" sizes=\"auto, (max-width: 2560px) 100vw, 2560px\" \/><\/figure>\n<\/figure>\n\n\n\n<figure class=\"wp-block-gallery has-nested-images columns-default is-cropped wp-block-gallery-13 is-layout-flex wp-block-gallery-is-layout-flex\">\n<figure class=\"wp-block-image size-large\"><img loading=\"lazy\" decoding=\"async\" width=\"2560\" height=\"1696\" data-id=\"1813\" src=\"http:\/\/amicale-des-anciens-hager-tehalit.fr\/wp-content\/uploads\/2022\/11\/DSC_0465-scaled.jpg\" alt=\"\" class=\"wp-image-1813\" srcset=\"https:\/\/amicale-des-anciens-hager-tehalit.fr\/wp-content\/uploads\/2022\/11\/DSC_0465-scaled.jpg 2560w, https:\/\/amicale-des-anciens-hager-tehalit.fr\/wp-content\/uploads\/2022\/11\/DSC_0465-300x199.jpg 300w\" sizes=\"auto, (max-width: 2560px) 100vw, 2560px\" \/><\/figure>\n\n\n\n<figure class=\"wp-block-image size-large\"><img loading=\"lazy\" decoding=\"async\" width=\"2560\" height=\"1696\" data-id=\"1814\" src=\"http:\/\/amicale-des-anciens-hager-tehalit.fr\/wp-content\/uploads\/2022\/11\/DSC_0464-scaled.jpg\" alt=\"\" class=\"wp-image-1814\" srcset=\"https:\/\/amicale-des-anciens-hager-tehalit.fr\/wp-content\/uploads\/2022\/11\/DSC_0464-scaled.jpg 2560w, https:\/\/amicale-des-anciens-hager-tehalit.fr\/wp-content\/uploads\/2022\/11\/DSC_0464-300x199.jpg 300w\" sizes=\"auto, (max-width: 2560px) 100vw, 2560px\" \/><\/figure>\n\n\n\n<figure class=\"wp-block-image size-large\"><img loading=\"lazy\" decoding=\"async\" width=\"1696\" height=\"2560\" data-id=\"1810\" src=\"http:\/\/amicale-des-anciens-hager-tehalit.fr\/wp-content\/uploads\/2022\/11\/DSC_0438-scaled.jpg\" alt=\"\" class=\"wp-image-1810\" srcset=\"https:\/\/amicale-des-anciens-hager-tehalit.fr\/wp-content\/uploads\/2022\/11\/DSC_0438-scaled.jpg 1696w, https:\/\/amicale-des-anciens-hager-tehalit.fr\/wp-content\/uploads\/2022\/11\/DSC_0438-199x300.jpg 199w, https:\/\/amicale-des-anciens-hager-tehalit.fr\/wp-content\/uploads\/2022\/11\/DSC_0438-678x1024.jpg 678w\" sizes=\"auto, (max-width: 1696px) 100vw, 1696px\" \/><\/figure>\n<\/figure>\n\n\n\n<p class=\"has-medium-font-size\">Notre ami Raymond dansera m\u00eame une marche avec Madame Fritz, qui affiche 95 ans au compteur!<\/p>\n\n\n\n<figure class=\"wp-block-image size-large\"><img loading=\"lazy\" decoding=\"async\" width=\"1024\" height=\"678\" src=\"http:\/\/amicale-des-anciens-hager-tehalit.fr\/wp-content\/uploads\/2022\/11\/DSC_0488-1024x678.jpg\" alt=\"\" class=\"wp-image-1815\" srcset=\"https:\/\/amicale-des-anciens-hager-tehalit.fr\/wp-content\/uploads\/2022\/11\/DSC_0488-1024x678.jpg 1024w, https:\/\/amicale-des-anciens-hager-tehalit.fr\/wp-content\/uploads\/2022\/11\/DSC_0488-300x199.jpg 300w, https:\/\/amicale-des-anciens-hager-tehalit.fr\/wp-content\/uploads\/2022\/11\/DSC_0488-768x509.jpg 768w\" sizes=\"auto, (max-width: 1024px) 100vw, 1024px\" \/><\/figure>\n\n\n\n<p class=\"has-large-font-size\">Ce fut une belle soir\u00e9e, nous nous sommes quitt\u00e9s en nous promettant de nous retrouver l&rsquo;ann\u00e9e prochaine!<\/p>\n\n\n\n<p><\/p>\n","protected":false},"excerpt":{"rendered":"<p>Comme chaque ann\u00e9e, l&rsquo;ensemble des membres de l&rsquo;amicale des anciens Hager-Tehalit se sont retrouv\u00e9s pour leur assembl\u00e9e g\u00e9n\u00e9rale. Pour pr\u00e9parer cette soir\u00e9e, le comit\u00e9, aid\u00e9 de volontaires a pr\u00e9par\u00e9 la salle pour le traditionnel&#46;&#46;&#46;<\/p>\n","protected":false},"author":1,"featured_media":1821,"comment_status":"open","ping_status":"open","sticky":false,"template":"","format":"standard","meta":{"footnotes":""},"categories":[7],"tags":[],"class_list":["post-1830","post","type-post","status-publish","format-standard","has-post-thumbnail","hentry","category-soirees","odd"],"_links":{"self":[{"href":"https:\/\/amicale-des-anciens-hager-tehalit.fr\/index.php\/wp-json\/wp\/v2\/posts\/1830","targetHints":{"allow":["GET"]}}],"collection":[{"href":"https:\/\/amicale-des-anciens-hager-tehalit.fr\/index.php\/wp-json\/wp\/v2\/posts"}],"about":[{"href":"https:\/\/amicale-des-anciens-hager-tehalit.fr\/index.php\/wp-json\/wp\/v2\/types\/post"}],"author":[{"embeddable":true,"href":"https:\/\/amicale-des-anciens-hager-tehalit.fr\/index.php\/wp-json\/wp\/v2\/users\/1"}],"replies":[{"embeddable":true,"href":"https:\/\/amicale-des-anciens-hager-tehalit.fr\/index.php\/wp-json\/wp\/v2\/comments?post=1830"}],"version-history":[{"count":10,"href":"https:\/\/amicale-des-anciens-hager-tehalit.fr\/index.php\/wp-json\/wp\/v2\/posts\/1830\/revisions"}],"predecessor-version":[{"id":1844,"href":"https:\/\/amicale-des-anciens-hager-tehalit.fr\/index.php\/wp-json\/wp\/v2\/posts\/1830\/revisions\/1844"}],"wp:featuredmedia":[{"embeddable":true,"href":"https:\/\/amicale-des-anciens-hager-tehalit.fr\/index.php\/wp-json\/wp\/v2\/media\/1821"}],"wp:attachment":[{"href":"https:\/\/amicale-des-anciens-hager-tehalit.fr\/index.php\/wp-json\/wp\/v2\/media?parent=1830"}],"wp:term":[{"taxonomy":"category","embeddable":true,"href":"https:\/\/amicale-des-anciens-hager-tehalit.fr\/index.php\/wp-json\/wp\/v2\/categories?post=1830"},{"taxonomy":"post_tag","embeddable":true,"href":"https:\/\/amicale-des-anciens-hager-tehalit.fr\/index.php\/wp-json\/wp\/v2\/tags?post=1830"}],"curies":[{"name":"wp","href":"https:\/\/api.w.org\/{rel}","templated":true}]}}