{"id":1276,"date":"2019-11-20T13:57:40","date_gmt":"2019-11-20T12:57:40","guid":{"rendered":"http:\/\/amicale-des-anciens-hager-tehalit.fr\/?p=1276"},"modified":"2019-12-04T16:58:59","modified_gmt":"2019-12-04T15:58:59","slug":"assemblee-generale-du-15-novembre-2019","status":"publish","type":"post","link":"https:\/\/amicale-des-anciens-hager-tehalit.fr\/index.php\/2019\/11\/20\/assemblee-generale-du-15-novembre-2019\/","title":{"rendered":"Assembl\u00e9e G\u00e9n\u00e9rale du 15 novembre 2019"},"content":{"rendered":"\n<p>L&rsquo;amicale des anciens Hager-Tehalit , comme chaque ann\u00e9e, a tenu son assembl\u00e9e g\u00e9n\u00e9rale au forum Hager.<\/p>\n\n\n\n<p> La veille, le comit\u00e9 assist\u00e9 des conjoints et de quelques volontaires, ont pr\u00e9par\u00e9 la salle.<\/p>\n\n\n\n<figure class=\"wp-block-image size-large is-resized\"><img loading=\"lazy\" decoding=\"async\" src=\"http:\/\/amicale-des-anciens-hager-tehalit.fr\/wp-content\/uploads\/2019\/11\/20191114_145857-1024x576.jpg\" alt=\"\" class=\"wp-image-1277\" width=\"415\" height=\"234\" srcset=\"https:\/\/amicale-des-anciens-hager-tehalit.fr\/wp-content\/uploads\/2019\/11\/20191114_145857-1024x576.jpg 1024w, https:\/\/amicale-des-anciens-hager-tehalit.fr\/wp-content\/uploads\/2019\/11\/20191114_145857-300x169.jpg 300w, https:\/\/amicale-des-anciens-hager-tehalit.fr\/wp-content\/uploads\/2019\/11\/20191114_145857-768x432.jpg 768w, https:\/\/amicale-des-anciens-hager-tehalit.fr\/wp-content\/uploads\/2019\/11\/20191114_145857-1536x864.jpg 1536w, https:\/\/amicale-des-anciens-hager-tehalit.fr\/wp-content\/uploads\/2019\/11\/20191114_145857-1320x743.jpg 1320w, https:\/\/amicale-des-anciens-hager-tehalit.fr\/wp-content\/uploads\/2019\/11\/20191114_145857.jpg 2048w\" sizes=\"auto, (max-width: 415px) 100vw, 415px\" \/><\/figure>\n\n\n\n<div class=\"wp-block-image\"><figure class=\"aligncenter size-large is-resized\"><img loading=\"lazy\" decoding=\"async\" src=\"http:\/\/amicale-des-anciens-hager-tehalit.fr\/wp-content\/uploads\/2019\/11\/20191114_151353-1024x576.jpg\" alt=\"\" class=\"wp-image-1278\" width=\"415\" height=\"234\" srcset=\"https:\/\/amicale-des-anciens-hager-tehalit.fr\/wp-content\/uploads\/2019\/11\/20191114_151353-1024x576.jpg 1024w, https:\/\/amicale-des-anciens-hager-tehalit.fr\/wp-content\/uploads\/2019\/11\/20191114_151353-300x169.jpg 300w, https:\/\/amicale-des-anciens-hager-tehalit.fr\/wp-content\/uploads\/2019\/11\/20191114_151353-768x432.jpg 768w, https:\/\/amicale-des-anciens-hager-tehalit.fr\/wp-content\/uploads\/2019\/11\/20191114_151353-1536x864.jpg 1536w, https:\/\/amicale-des-anciens-hager-tehalit.fr\/wp-content\/uploads\/2019\/11\/20191114_151353-1320x743.jpg 1320w, https:\/\/amicale-des-anciens-hager-tehalit.fr\/wp-content\/uploads\/2019\/11\/20191114_151353.jpg 2048w\" sizes=\"auto, (max-width: 415px) 100vw, 415px\" \/><\/figure><\/div>\n\n\n\n<p>D\u00e8s 16 heures, les membres se sont pr\u00e9sent\u00e9s \u00e0 l&rsquo;entr\u00e9e de la salle et ont sign\u00e9 le registre de pr\u00e9sence conform\u00e9ment \u00e0 la loi.<\/p>\n\n\n\n<figure class=\"wp-block-image size-large is-resized\"><img loading=\"lazy\" decoding=\"async\" src=\"http:\/\/amicale-des-anciens-hager-tehalit.fr\/wp-content\/uploads\/2019\/11\/IMG_1360-768x1024.jpg\" alt=\"\" class=\"wp-image-1279\" width=\"342\" height=\"455\" srcset=\"https:\/\/amicale-des-anciens-hager-tehalit.fr\/wp-content\/uploads\/2019\/11\/IMG_1360-768x1024.jpg 768w, https:\/\/amicale-des-anciens-hager-tehalit.fr\/wp-content\/uploads\/2019\/11\/IMG_1360-225x300.jpg 225w, https:\/\/amicale-des-anciens-hager-tehalit.fr\/wp-content\/uploads\/2019\/11\/IMG_1360-1152x1536.jpg 1152w, https:\/\/amicale-des-anciens-hager-tehalit.fr\/wp-content\/uploads\/2019\/11\/IMG_1360-1536x2048.jpg 1536w, https:\/\/amicale-des-anciens-hager-tehalit.fr\/wp-content\/uploads\/2019\/11\/IMG_1360-1320x1760.jpg 1320w, https:\/\/amicale-des-anciens-hager-tehalit.fr\/wp-content\/uploads\/2019\/11\/IMG_1360-scaled.jpg 1920w\" sizes=\"auto, (max-width: 342px) 100vw, 342px\" \/><\/figure>\n\n\n\n<p>A 16 heures 30 pr\u00e9cises, la pr\u00e9sidente ouvre la s\u00e9ance avec une allocution de bienvenue.<\/p>\n\n\n\n<div class=\"wp-block-image\"><figure class=\"aligncenter size-large is-resized\"><img loading=\"lazy\" decoding=\"async\" src=\"http:\/\/amicale-des-anciens-hager-tehalit.fr\/wp-content\/uploads\/2019\/11\/IMG_1364-768x1024.jpg\" alt=\"\" class=\"wp-image-1282\" width=\"341\" height=\"454\"\/><\/figure><\/div>\n\n\n\n<p> Suivie par la secr\u00e9taire Annette Jost pour la lecture du proc\u00e8s verbal de l&rsquo;assembl\u00e9e 2018 et le rapport d&rsquo;activit\u00e9s.<\/p>\n\n\n\n<figure class=\"wp-block-image size-large is-resized\"><img loading=\"lazy\" decoding=\"async\" src=\"http:\/\/amicale-des-anciens-hager-tehalit.fr\/wp-content\/uploads\/2019\/11\/IMG_1365-768x1024.jpg\" alt=\"\" class=\"wp-image-1283\" width=\"366\" height=\"488\" srcset=\"https:\/\/amicale-des-anciens-hager-tehalit.fr\/wp-content\/uploads\/2019\/11\/IMG_1365-768x1024.jpg 768w, https:\/\/amicale-des-anciens-hager-tehalit.fr\/wp-content\/uploads\/2019\/11\/IMG_1365-225x300.jpg 225w, https:\/\/amicale-des-anciens-hager-tehalit.fr\/wp-content\/uploads\/2019\/11\/IMG_1365-1152x1536.jpg 1152w, https:\/\/amicale-des-anciens-hager-tehalit.fr\/wp-content\/uploads\/2019\/11\/IMG_1365-1536x2048.jpg 1536w, https:\/\/amicale-des-anciens-hager-tehalit.fr\/wp-content\/uploads\/2019\/11\/IMG_1365-1320x1760.jpg 1320w, https:\/\/amicale-des-anciens-hager-tehalit.fr\/wp-content\/uploads\/2019\/11\/IMG_1365-scaled.jpg 1920w\" sizes=\"auto, (max-width: 366px) 100vw, 366px\" \/><\/figure>\n\n\n\n<p>Puis c&rsquo;est au tour de la tr\u00e9sori\u00e8re de faire le rapport financier de l&rsquo;exercice 2019<\/p>\n\n\n\n<div class=\"wp-block-image\"><figure class=\"aligncenter size-large is-resized\"><img loading=\"lazy\" decoding=\"async\" src=\"http:\/\/amicale-des-anciens-hager-tehalit.fr\/wp-content\/uploads\/2019\/11\/IMG_1366-768x1024.jpg\" alt=\"\" class=\"wp-image-1284\" width=\"359\" height=\"479\" srcset=\"https:\/\/amicale-des-anciens-hager-tehalit.fr\/wp-content\/uploads\/2019\/11\/IMG_1366-768x1024.jpg 768w, https:\/\/amicale-des-anciens-hager-tehalit.fr\/wp-content\/uploads\/2019\/11\/IMG_1366-225x300.jpg 225w, https:\/\/amicale-des-anciens-hager-tehalit.fr\/wp-content\/uploads\/2019\/11\/IMG_1366-1152x1536.jpg 1152w, https:\/\/amicale-des-anciens-hager-tehalit.fr\/wp-content\/uploads\/2019\/11\/IMG_1366-1536x2048.jpg 1536w, https:\/\/amicale-des-anciens-hager-tehalit.fr\/wp-content\/uploads\/2019\/11\/IMG_1366-1320x1760.jpg 1320w, https:\/\/amicale-des-anciens-hager-tehalit.fr\/wp-content\/uploads\/2019\/11\/IMG_1366-scaled.jpg 1920w\" sizes=\"auto, (max-width: 359px) 100vw, 359px\" \/><\/figure><\/div>\n\n\n\n<p>La repr\u00e9sentante de direction, madame Laurie Schaeffer, nous fait part de la vie de l&rsquo;entreprise<\/p>\n\n\n\n<figure class=\"wp-block-image size-large is-resized\"><img loading=\"lazy\" decoding=\"async\" src=\"http:\/\/amicale-des-anciens-hager-tehalit.fr\/wp-content\/uploads\/2019\/11\/IMG_1367-1024x768.jpg\" alt=\"\" class=\"wp-image-1285\" width=\"490\" height=\"368\" srcset=\"https:\/\/amicale-des-anciens-hager-tehalit.fr\/wp-content\/uploads\/2019\/11\/IMG_1367-1024x768.jpg 1024w, https:\/\/amicale-des-anciens-hager-tehalit.fr\/wp-content\/uploads\/2019\/11\/IMG_1367-300x225.jpg 300w, https:\/\/amicale-des-anciens-hager-tehalit.fr\/wp-content\/uploads\/2019\/11\/IMG_1367-768x576.jpg 768w, https:\/\/amicale-des-anciens-hager-tehalit.fr\/wp-content\/uploads\/2019\/11\/IMG_1367-1536x1152.jpg 1536w, https:\/\/amicale-des-anciens-hager-tehalit.fr\/wp-content\/uploads\/2019\/11\/IMG_1367-2048x1536.jpg 2048w, https:\/\/amicale-des-anciens-hager-tehalit.fr\/wp-content\/uploads\/2019\/11\/IMG_1367-1320x990.jpg 1320w\" sizes=\"auto, (max-width: 490px) 100vw, 490px\" \/><\/figure>\n\n\n\n<p>Mme Sabina David de la soci\u00e9t\u00e9 Roederer nous informe des derni\u00e8res r\u00e9formes de la mtuelle, le fonctionnement du\u00a0\u00bb 0 \u00e0 charge\u00a0\u00bb pour les frais d&rsquo;optique, dentaires et auditifs.<\/p>\n\n\n\n<div class=\"wp-block-image\"><figure class=\"aligncenter size-large is-resized\"><img loading=\"lazy\" decoding=\"async\" src=\"http:\/\/amicale-des-anciens-hager-tehalit.fr\/wp-content\/uploads\/2019\/11\/IMG_1369-1024x768.jpg\" alt=\"\" class=\"wp-image-1286\" width=\"493\" height=\"371\" srcset=\"https:\/\/amicale-des-anciens-hager-tehalit.fr\/wp-content\/uploads\/2019\/11\/IMG_1369-1024x768.jpg 1024w, https:\/\/amicale-des-anciens-hager-tehalit.fr\/wp-content\/uploads\/2019\/11\/IMG_1369-300x225.jpg 300w, https:\/\/amicale-des-anciens-hager-tehalit.fr\/wp-content\/uploads\/2019\/11\/IMG_1369-768x576.jpg 768w, https:\/\/amicale-des-anciens-hager-tehalit.fr\/wp-content\/uploads\/2019\/11\/IMG_1369-1536x1152.jpg 1536w, https:\/\/amicale-des-anciens-hager-tehalit.fr\/wp-content\/uploads\/2019\/11\/IMG_1369-2048x1536.jpg 2048w, https:\/\/amicale-des-anciens-hager-tehalit.fr\/wp-content\/uploads\/2019\/11\/IMG_1369-1320x990.jpg 1320w\" sizes=\"auto, (max-width: 493px) 100vw, 493px\" \/><\/figure><\/div>\n\n\n\n<p>Apr\u00e8s avoir pr\u00e9sent\u00e9 les sorties pour 2020, la pr\u00e9sidente cl\u00f4ture la s\u00e9ance \u00e0 18 heures. L&rsquo;ensemble des participants se rend \u00e0 la salle des f\u00eates d&rsquo;Obernai pour un ap\u00e9ritif bien m\u00e9rit\u00e9! <\/p>\n\n\n\n<figure class=\"wp-block-image size-large is-resized\"><img loading=\"lazy\" decoding=\"async\" src=\"http:\/\/amicale-des-anciens-hager-tehalit.fr\/wp-content\/uploads\/2019\/11\/IMG_1375-1024x768.jpg\" alt=\"\" class=\"wp-image-1288\" width=\"502\" height=\"375\"\/><\/figure>\n\n\n\n<div class=\"wp-block-image\"><figure class=\"aligncenter size-large is-resized\"><img loading=\"lazy\" decoding=\"async\" src=\"http:\/\/amicale-des-anciens-hager-tehalit.fr\/wp-content\/uploads\/2019\/11\/IMG_1370-1024x768.jpg\" alt=\"\" class=\"wp-image-1287\" width=\"493\" height=\"371\" srcset=\"https:\/\/amicale-des-anciens-hager-tehalit.fr\/wp-content\/uploads\/2019\/11\/IMG_1370-1024x768.jpg 1024w, https:\/\/amicale-des-anciens-hager-tehalit.fr\/wp-content\/uploads\/2019\/11\/IMG_1370-300x225.jpg 300w, https:\/\/amicale-des-anciens-hager-tehalit.fr\/wp-content\/uploads\/2019\/11\/IMG_1370-768x576.jpg 768w, https:\/\/amicale-des-anciens-hager-tehalit.fr\/wp-content\/uploads\/2019\/11\/IMG_1370-1536x1152.jpg 1536w, https:\/\/amicale-des-anciens-hager-tehalit.fr\/wp-content\/uploads\/2019\/11\/IMG_1370-2048x1536.jpg 2048w, https:\/\/amicale-des-anciens-hager-tehalit.fr\/wp-content\/uploads\/2019\/11\/IMG_1370-1320x990.jpg 1320w\" sizes=\"auto, (max-width: 493px) 100vw, 493px\" \/><\/figure><\/div>\n\n\n\n<figure class=\"wp-block-image size-large is-resized\"><img loading=\"lazy\" decoding=\"async\" src=\"http:\/\/amicale-des-anciens-hager-tehalit.fr\/wp-content\/uploads\/2019\/11\/IMG_1377-1024x768.jpg\" alt=\"\" class=\"wp-image-1289\" width=\"472\" height=\"354\" srcset=\"https:\/\/amicale-des-anciens-hager-tehalit.fr\/wp-content\/uploads\/2019\/11\/IMG_1377-1024x768.jpg 1024w, https:\/\/amicale-des-anciens-hager-tehalit.fr\/wp-content\/uploads\/2019\/11\/IMG_1377-300x225.jpg 300w, https:\/\/amicale-des-anciens-hager-tehalit.fr\/wp-content\/uploads\/2019\/11\/IMG_1377-768x576.jpg 768w, https:\/\/amicale-des-anciens-hager-tehalit.fr\/wp-content\/uploads\/2019\/11\/IMG_1377-1536x1152.jpg 1536w, https:\/\/amicale-des-anciens-hager-tehalit.fr\/wp-content\/uploads\/2019\/11\/IMG_1377-2048x1536.jpg 2048w, https:\/\/amicale-des-anciens-hager-tehalit.fr\/wp-content\/uploads\/2019\/11\/IMG_1377-1320x990.jpg 1320w\" sizes=\"auto, (max-width: 472px) 100vw, 472px\" \/><\/figure>\n\n\n\n<p>Le repas pr\u00e9par\u00e9 par les cuisiniers du restaurant d&rsquo;entreprise Hager, est appr\u00e9ci\u00e9 par l&rsquo;ensemble des convives <\/p>\n\n\n\n<div class=\"wp-block-image\"><figure class=\"aligncenter size-large is-resized\"><img loading=\"lazy\" decoding=\"async\" src=\"http:\/\/amicale-des-anciens-hager-tehalit.fr\/wp-content\/uploads\/2019\/11\/IMG_1380-1024x768.jpg\" alt=\"\" class=\"wp-image-1291\" width=\"475\" height=\"357\" srcset=\"https:\/\/amicale-des-anciens-hager-tehalit.fr\/wp-content\/uploads\/2019\/11\/IMG_1380-1024x768.jpg 1024w, https:\/\/amicale-des-anciens-hager-tehalit.fr\/wp-content\/uploads\/2019\/11\/IMG_1380-300x225.jpg 300w, https:\/\/amicale-des-anciens-hager-tehalit.fr\/wp-content\/uploads\/2019\/11\/IMG_1380-768x576.jpg 768w, https:\/\/amicale-des-anciens-hager-tehalit.fr\/wp-content\/uploads\/2019\/11\/IMG_1380-1536x1152.jpg 1536w, https:\/\/amicale-des-anciens-hager-tehalit.fr\/wp-content\/uploads\/2019\/11\/IMG_1380-2048x1536.jpg 2048w, https:\/\/amicale-des-anciens-hager-tehalit.fr\/wp-content\/uploads\/2019\/11\/IMG_1380-1320x990.jpg 1320w\" sizes=\"auto, (max-width: 475px) 100vw, 475px\" \/><\/figure><\/div>\n\n\n\n<div class=\"wp-block-image\"><figure class=\"aligncenter size-large is-resized\"><img loading=\"lazy\" decoding=\"async\" src=\"http:\/\/amicale-des-anciens-hager-tehalit.fr\/wp-content\/uploads\/2019\/11\/IMG_1381-1024x768.jpg\" alt=\"\" class=\"wp-image-1292\" width=\"554\" height=\"416\" srcset=\"https:\/\/amicale-des-anciens-hager-tehalit.fr\/wp-content\/uploads\/2019\/11\/IMG_1381-1024x768.jpg 1024w, https:\/\/amicale-des-anciens-hager-tehalit.fr\/wp-content\/uploads\/2019\/11\/IMG_1381-300x225.jpg 300w, https:\/\/amicale-des-anciens-hager-tehalit.fr\/wp-content\/uploads\/2019\/11\/IMG_1381-768x576.jpg 768w, https:\/\/amicale-des-anciens-hager-tehalit.fr\/wp-content\/uploads\/2019\/11\/IMG_1381-1536x1152.jpg 1536w, https:\/\/amicale-des-anciens-hager-tehalit.fr\/wp-content\/uploads\/2019\/11\/IMG_1381-2048x1536.jpg 2048w, https:\/\/amicale-des-anciens-hager-tehalit.fr\/wp-content\/uploads\/2019\/11\/IMG_1381-1320x990.jpg 1320w\" sizes=\"auto, (max-width: 554px) 100vw, 554px\" \/><\/figure><\/div>\n\n\n\n<p>L&rsquo;orchestre \u00ab\u00a0Golden Sound\u00a0\u00bb fit danser tout le monde!<\/p>\n\n\n\n<div class=\"wp-block-image\"><figure class=\"aligncenter size-large is-resized\"><img loading=\"lazy\" decoding=\"async\" src=\"http:\/\/amicale-des-anciens-hager-tehalit.fr\/wp-content\/uploads\/2019\/11\/IMG_1386-1024x768.jpg\" alt=\"\" class=\"wp-image-1293\" width=\"562\" height=\"422\" srcset=\"https:\/\/amicale-des-anciens-hager-tehalit.fr\/wp-content\/uploads\/2019\/11\/IMG_1386-1024x768.jpg 1024w, https:\/\/amicale-des-anciens-hager-tehalit.fr\/wp-content\/uploads\/2019\/11\/IMG_1386-300x225.jpg 300w, https:\/\/amicale-des-anciens-hager-tehalit.fr\/wp-content\/uploads\/2019\/11\/IMG_1386-768x576.jpg 768w, https:\/\/amicale-des-anciens-hager-tehalit.fr\/wp-content\/uploads\/2019\/11\/IMG_1386-1536x1152.jpg 1536w, https:\/\/amicale-des-anciens-hager-tehalit.fr\/wp-content\/uploads\/2019\/11\/IMG_1386-2048x1536.jpg 2048w, https:\/\/amicale-des-anciens-hager-tehalit.fr\/wp-content\/uploads\/2019\/11\/IMG_1386-1320x990.jpg 1320w\" sizes=\"auto, (max-width: 562px) 100vw, 562px\" \/><\/figure><\/div>\n\n\n\n<figure class=\"wp-block-image size-large is-resized\"><img loading=\"lazy\" decoding=\"async\" src=\"http:\/\/amicale-des-anciens-hager-tehalit.fr\/wp-content\/uploads\/2019\/11\/IMG_1392-1024x768.jpg\" alt=\"\" class=\"wp-image-1294\" width=\"536\" height=\"402\" srcset=\"https:\/\/amicale-des-anciens-hager-tehalit.fr\/wp-content\/uploads\/2019\/11\/IMG_1392-1024x768.jpg 1024w, https:\/\/amicale-des-anciens-hager-tehalit.fr\/wp-content\/uploads\/2019\/11\/IMG_1392-300x225.jpg 300w, https:\/\/amicale-des-anciens-hager-tehalit.fr\/wp-content\/uploads\/2019\/11\/IMG_1392-768x576.jpg 768w, https:\/\/amicale-des-anciens-hager-tehalit.fr\/wp-content\/uploads\/2019\/11\/IMG_1392-1536x1152.jpg 1536w, https:\/\/amicale-des-anciens-hager-tehalit.fr\/wp-content\/uploads\/2019\/11\/IMG_1392-2048x1536.jpg 2048w, https:\/\/amicale-des-anciens-hager-tehalit.fr\/wp-content\/uploads\/2019\/11\/IMG_1392-1320x990.jpg 1320w\" sizes=\"auto, (max-width: 536px) 100vw, 536px\" \/><figcaption>Des madisons r\u00e9serv\u00e9s aux  sp\u00e9cialistes!<\/figcaption><\/figure>\n\n\n\n<div class=\"wp-block-image\"><figure class=\"aligncenter size-large is-resized\"><img loading=\"lazy\" decoding=\"async\" src=\"http:\/\/amicale-des-anciens-hager-tehalit.fr\/wp-content\/uploads\/2019\/11\/IMG_1394-1024x768.jpg\" alt=\"\" class=\"wp-image-1295\" width=\"526\" height=\"395\" srcset=\"https:\/\/amicale-des-anciens-hager-tehalit.fr\/wp-content\/uploads\/2019\/11\/IMG_1394-1024x768.jpg 1024w, https:\/\/amicale-des-anciens-hager-tehalit.fr\/wp-content\/uploads\/2019\/11\/IMG_1394-300x225.jpg 300w, https:\/\/amicale-des-anciens-hager-tehalit.fr\/wp-content\/uploads\/2019\/11\/IMG_1394-768x576.jpg 768w, https:\/\/amicale-des-anciens-hager-tehalit.fr\/wp-content\/uploads\/2019\/11\/IMG_1394-1536x1152.jpg 1536w, https:\/\/amicale-des-anciens-hager-tehalit.fr\/wp-content\/uploads\/2019\/11\/IMG_1394-2048x1536.jpg 2048w, https:\/\/amicale-des-anciens-hager-tehalit.fr\/wp-content\/uploads\/2019\/11\/IMG_1394-1320x990.jpg 1320w\" sizes=\"auto, (max-width: 526px) 100vw, 526px\" \/><figcaption>Des rock &lsquo;n roll pour se d\u00e9fouler!<\/figcaption><\/figure><\/div>\n\n\n\n<figure class=\"wp-block-image size-large is-resized\"><img loading=\"lazy\" decoding=\"async\" src=\"http:\/\/amicale-des-anciens-hager-tehalit.fr\/wp-content\/uploads\/2019\/11\/IMG_07061-1-768x1024.jpg\" alt=\"\" class=\"wp-image-1299\" width=\"434\" height=\"577\"\/><figcaption>Les cuisiniers aussi, aiment danser!<\/figcaption><\/figure>\n\n\n\n<p>La soir\u00e9e se terminera vers 2 heures, et quelques courageux resteront pour ranger et nettoyer la salle. <\/p>\n\n\n\n\n\n<h2 class=\"has-text-align-center wp-block-heading\">Merci \u00e0 tous d&rsquo;\u00eatre venus et \u00e0 l&rsquo;ann\u00e9e prochaine<\/h2>\n\n\n\n<p><\/p>\n","protected":false},"excerpt":{"rendered":"<p>L&rsquo;amicale des anciens Hager-Tehalit , comme chaque ann\u00e9e, a tenu son assembl\u00e9e g\u00e9n\u00e9rale au forum Hager. La veille, le comit\u00e9 assist\u00e9 des conjoints et de quelques volontaires, ont pr\u00e9par\u00e9 la salle. D\u00e8s 16 heures,&#46;&#46;&#46;<\/p>\n","protected":false},"author":1,"featured_media":1344,"comment_status":"open","ping_status":"open","sticky":false,"template":"","format":"standard","meta":{"footnotes":""},"categories":[7],"tags":[],"class_list":["post-1276","post","type-post","status-publish","format-standard","has-post-thumbnail","hentry","category-soirees","odd"],"_links":{"self":[{"href":"https:\/\/amicale-des-anciens-hager-tehalit.fr\/index.php\/wp-json\/wp\/v2\/posts\/1276","targetHints":{"allow":["GET"]}}],"collection":[{"href":"https:\/\/amicale-des-anciens-hager-tehalit.fr\/index.php\/wp-json\/wp\/v2\/posts"}],"about":[{"href":"https:\/\/amicale-des-anciens-hager-tehalit.fr\/index.php\/wp-json\/wp\/v2\/types\/post"}],"author":[{"embeddable":true,"href":"https:\/\/amicale-des-anciens-hager-tehalit.fr\/index.php\/wp-json\/wp\/v2\/users\/1"}],"replies":[{"embeddable":true,"href":"https:\/\/amicale-des-anciens-hager-tehalit.fr\/index.php\/wp-json\/wp\/v2\/comments?post=1276"}],"version-history":[{"count":40,"href":"https:\/\/amicale-des-anciens-hager-tehalit.fr\/index.php\/wp-json\/wp\/v2\/posts\/1276\/revisions"}],"predecessor-version":[{"id":1346,"href":"https:\/\/amicale-des-anciens-hager-tehalit.fr\/index.php\/wp-json\/wp\/v2\/posts\/1276\/revisions\/1346"}],"wp:featuredmedia":[{"embeddable":true,"href":"https:\/\/amicale-des-anciens-hager-tehalit.fr\/index.php\/wp-json\/wp\/v2\/media\/1344"}],"wp:attachment":[{"href":"https:\/\/amicale-des-anciens-hager-tehalit.fr\/index.php\/wp-json\/wp\/v2\/media?parent=1276"}],"wp:term":[{"taxonomy":"category","embeddable":true,"href":"https:\/\/amicale-des-anciens-hager-tehalit.fr\/index.php\/wp-json\/wp\/v2\/categories?post=1276"},{"taxonomy":"post_tag","embeddable":true,"href":"https:\/\/amicale-des-anciens-hager-tehalit.fr\/index.php\/wp-json\/wp\/v2\/tags?post=1276"}],"curies":[{"name":"wp","href":"https:\/\/api.w.org\/{rel}","templated":true}]}}