{"id":1244,"date":"2019-11-17T18:25:04","date_gmt":"2019-11-17T17:25:04","guid":{"rendered":"http:\/\/amicale-des-anciens-hager-tehalit.fr\/?p=1244"},"modified":"2019-11-17T18:25:07","modified_gmt":"2019-11-17T17:25:07","slug":"voyage-dete-en-vendee-a-port-bourgenay","status":"publish","type":"post","link":"https:\/\/amicale-des-anciens-hager-tehalit.fr\/index.php\/2019\/11\/17\/voyage-dete-en-vendee-a-port-bourgenay\/","title":{"rendered":"Voyage d&rsquo;\u00e9t\u00e9 en Vend\u00e9e \u00e0 Port Bourgenay"},"content":{"rendered":"\n<div class=\"wp-block-image\"><figure class=\"aligncenter size-large is-resized\"><img loading=\"lazy\" decoding=\"async\" src=\"http:\/\/amicale-des-anciens-hager-tehalit.fr\/wp-content\/uploads\/2019\/11\/DSC_0424-1024x678.jpg\" alt=\"\" class=\"wp-image-1245\" width=\"508\" height=\"338\" srcset=\"https:\/\/amicale-des-anciens-hager-tehalit.fr\/wp-content\/uploads\/2019\/11\/DSC_0424-300x199.jpg 300w, https:\/\/amicale-des-anciens-hager-tehalit.fr\/wp-content\/uploads\/2019\/11\/DSC_0424-768x509.jpg 768w\" sizes=\"auto, (max-width: 508px) 100vw, 508px\" \/><\/figure><\/div>\n\n\n\n<p>Nous avons eu droit \u00e0 une visite guid\u00e9e des Sables d&rsquo;Olonne, La Chaume et ses monuments, ses quais, les ports de p\u00eache, de commerce et de plaisance.<\/p>\n\n\n\n<p><\/p>\n\n\n\n<p><\/p>\n\n\n\n<div class=\"wp-block-image\"><figure class=\"aligncenter size-large is-resized\"><img loading=\"lazy\" decoding=\"async\" src=\"http:\/\/amicale-des-anciens-hager-tehalit.fr\/wp-content\/uploads\/2019\/11\/DSC_0477-1024x678.jpg\" alt=\"\" class=\"wp-image-1249\" width=\"470\" height=\"311\" srcset=\"https:\/\/amicale-des-anciens-hager-tehalit.fr\/wp-content\/uploads\/2019\/11\/DSC_0477-1024x678.jpg 1024w, https:\/\/amicale-des-anciens-hager-tehalit.fr\/wp-content\/uploads\/2019\/11\/DSC_0477-300x199.jpg 300w, https:\/\/amicale-des-anciens-hager-tehalit.fr\/wp-content\/uploads\/2019\/11\/DSC_0477-768x509.jpg 768w, https:\/\/amicale-des-anciens-hager-tehalit.fr\/wp-content\/uploads\/2019\/11\/DSC_0477-1536x1017.jpg 1536w, https:\/\/amicale-des-anciens-hager-tehalit.fr\/wp-content\/uploads\/2019\/11\/DSC_0477-2048x1356.jpg 2048w, https:\/\/amicale-des-anciens-hager-tehalit.fr\/wp-content\/uploads\/2019\/11\/DSC_0477-1320x874.jpg 1320w\" sizes=\"auto, (max-width: 470px) 100vw, 470px\" \/><figcaption>Petite pause devant l&rsquo;\u00e9glise des sables<\/figcaption><\/figure><\/div>\n\n\n\n<div class=\"wp-block-image\"><figure class=\"aligncenter size-large is-resized\"><img loading=\"lazy\" decoding=\"async\" src=\"http:\/\/amicale-des-anciens-hager-tehalit.fr\/wp-content\/uploads\/2019\/11\/DSC_0500-1024x678.jpg\" alt=\"\" class=\"wp-image-1250\" width=\"472\" height=\"312\" srcset=\"https:\/\/amicale-des-anciens-hager-tehalit.fr\/wp-content\/uploads\/2019\/11\/DSC_0500-1024x678.jpg 1024w, https:\/\/amicale-des-anciens-hager-tehalit.fr\/wp-content\/uploads\/2019\/11\/DSC_0500-300x199.jpg 300w, https:\/\/amicale-des-anciens-hager-tehalit.fr\/wp-content\/uploads\/2019\/11\/DSC_0500-768x509.jpg 768w, https:\/\/amicale-des-anciens-hager-tehalit.fr\/wp-content\/uploads\/2019\/11\/DSC_0500-1536x1017.jpg 1536w, https:\/\/amicale-des-anciens-hager-tehalit.fr\/wp-content\/uploads\/2019\/11\/DSC_0500-2048x1356.jpg 2048w, https:\/\/amicale-des-anciens-hager-tehalit.fr\/wp-content\/uploads\/2019\/11\/DSC_0500-1320x874.jpg 1320w\" sizes=\"auto, (max-width: 472px) 100vw, 472px\" \/><figcaption>La c\u00e9l\u00e8bre rue de la Penotte<\/figcaption><\/figure><\/div>\n\n\n\n<p>Le lendemain, nous sommes partis \u00e0 la d\u00e9couverte de l&rsquo;\u00eele de R\u00e9 et de La Rochelle.<\/p>\n\n\n\n<div class=\"wp-block-image\"><figure class=\"aligncenter size-large is-resized\"><img loading=\"lazy\" decoding=\"async\" src=\"http:\/\/amicale-des-anciens-hager-tehalit.fr\/wp-content\/uploads\/2019\/11\/Resized_20190916_110141.jpg\" alt=\"\" class=\"wp-image-1258\" width=\"404\" height=\"537\"\/><figcaption>Ile de R\u00e9: phare de la baleine<\/figcaption><\/figure><\/div>\n\n\n\n<div class=\"wp-block-image\"><figure class=\"aligncenter size-large is-resized\"><img loading=\"lazy\" decoding=\"async\" src=\"http:\/\/amicale-des-anciens-hager-tehalit.fr\/wp-content\/uploads\/2019\/11\/DSC_0586-1024x678.jpg\" alt=\"\" class=\"wp-image-1251\" width=\"719\" height=\"477\" srcset=\"https:\/\/amicale-des-anciens-hager-tehalit.fr\/wp-content\/uploads\/2019\/11\/DSC_0586-1024x678.jpg 1024w, https:\/\/amicale-des-anciens-hager-tehalit.fr\/wp-content\/uploads\/2019\/11\/DSC_0586-300x199.jpg 300w, https:\/\/amicale-des-anciens-hager-tehalit.fr\/wp-content\/uploads\/2019\/11\/DSC_0586-768x509.jpg 768w, https:\/\/amicale-des-anciens-hager-tehalit.fr\/wp-content\/uploads\/2019\/11\/DSC_0586-1536x1017.jpg 1536w, https:\/\/amicale-des-anciens-hager-tehalit.fr\/wp-content\/uploads\/2019\/11\/DSC_0586-2048x1356.jpg 2048w, https:\/\/amicale-des-anciens-hager-tehalit.fr\/wp-content\/uploads\/2019\/11\/DSC_0586-1320x874.jpg 1320w\" sizes=\"auto, (max-width: 719px) 100vw, 719px\" \/><figcaption>Le port de la Rochelle<\/figcaption><\/figure><\/div>\n\n\n\n<p>C&rsquo;est avec enthousiasme que nous sommes partis le lendemain \u00e0 la rencontre d&rsquo;un ostr\u00e9\u00efculteur, une d\u00e9gustation \u00e9tait in\u00e9vitable: c&rsquo;\u00e9tait d\u00e9licieux !<\/p>\n\n\n\n<div class=\"wp-block-image\"><figure class=\"aligncenter size-large is-resized\"><img loading=\"lazy\" decoding=\"async\" src=\"http:\/\/amicale-des-anciens-hager-tehalit.fr\/wp-content\/uploads\/2019\/11\/Photo-vendee-1.jpg\" alt=\"\" class=\"wp-image-1256\" width=\"377\" height=\"503\" srcset=\"https:\/\/amicale-des-anciens-hager-tehalit.fr\/wp-content\/uploads\/2019\/11\/Photo-vendee-1.jpg 720w, https:\/\/amicale-des-anciens-hager-tehalit.fr\/wp-content\/uploads\/2019\/11\/Photo-vendee-1-225x300.jpg 225w\" sizes=\"auto, (max-width: 377px) 100vw, 377px\" \/><\/figure><\/div>\n\n\n\n<div class=\"wp-block-image\"><figure class=\"aligncenter size-large is-resized\"><img loading=\"lazy\" decoding=\"async\" src=\"http:\/\/amicale-des-anciens-hager-tehalit.fr\/wp-content\/uploads\/2019\/11\/DSC_0590-1024x678.jpg\" alt=\"\" class=\"wp-image-1261\" width=\"643\" height=\"425\" srcset=\"https:\/\/amicale-des-anciens-hager-tehalit.fr\/wp-content\/uploads\/2019\/11\/DSC_0590-1024x678.jpg 1024w, https:\/\/amicale-des-anciens-hager-tehalit.fr\/wp-content\/uploads\/2019\/11\/DSC_0590-300x199.jpg 300w, https:\/\/amicale-des-anciens-hager-tehalit.fr\/wp-content\/uploads\/2019\/11\/DSC_0590-768x509.jpg 768w, https:\/\/amicale-des-anciens-hager-tehalit.fr\/wp-content\/uploads\/2019\/11\/DSC_0590-1536x1017.jpg 1536w, https:\/\/amicale-des-anciens-hager-tehalit.fr\/wp-content\/uploads\/2019\/11\/DSC_0590-2048x1356.jpg 2048w, https:\/\/amicale-des-anciens-hager-tehalit.fr\/wp-content\/uploads\/2019\/11\/DSC_0590-1320x874.jpg 1320w\" sizes=\"auto, (max-width: 643px) 100vw, 643px\" \/><figcaption>Mat\u00e9riel  pour l&rsquo;\u00e9levage des huitres<\/figcaption><\/figure><\/div>\n\n\n\n<p>L&rsquo;apr\u00e8s midi, visite de Lu\u00e7on, ville charg\u00e9e d&rsquo;histoire, de la cath\u00e9drale au couvent des Ursulines en passant le magnifique jardin Dumaine.<\/p>\n\n\n\n<div class=\"wp-block-image\"><figure class=\"aligncenter is-resized\"><img loading=\"lazy\" decoding=\"async\" src=\"https:\/\/media1.picsearch.com\/is?kJP2LUgizVeraRNEc3Gq-9xL_gpXD_LWmOFavgucFf4&amp;height=341\" alt=\"\" width=\"337\" height=\"540\"\/><figcaption>Cath\u00e9drale<\/figcaption><\/figure><\/div>\n\n\n\n<div class=\"wp-block-image\"><figure class=\"aligncenter is-resized\"><img loading=\"lazy\" decoding=\"async\" src=\"https:\/\/media4.picsearch.com\/is?WKlNSxFbdQ8yx6FBpKwIqFXRmv46gWz26DsREW-rEZ8&amp;height=227\" alt=\"\" width=\"584\" height=\"389\"\/><figcaption>Jardin Dumaine<\/figcaption><\/figure><\/div>\n\n\n\n<p>Cette visite sera cl\u00f4tur\u00e9e par une d\u00e9gustation de Kamok, seule liqueur de caf\u00e9 fabriqu\u00e9e \u00e0 Lu\u00e7on depuis 1860.<\/p>\n\n\n\n<p><\/p>\n\n\n\n<p>Mercredi c&rsquo;est une croisi\u00e8re en mer qui nous attend. Nous d\u00e9couvrons la c\u00f4te sauvage en passant au large des plages magnifiques et des parcs ostr\u00e9\u00efcoles.<\/p>\n\n\n\n<div class=\"wp-block-image\"><figure class=\"aligncenter size-large is-resized\"><img loading=\"lazy\" decoding=\"async\" src=\"http:\/\/amicale-des-anciens-hager-tehalit.fr\/wp-content\/uploads\/2019\/11\/DSC_0863-1024x678.jpg\" alt=\"\" class=\"wp-image-1260\" width=\"593\" height=\"393\" srcset=\"https:\/\/amicale-des-anciens-hager-tehalit.fr\/wp-content\/uploads\/2019\/11\/DSC_0863-1024x678.jpg 1024w, https:\/\/amicale-des-anciens-hager-tehalit.fr\/wp-content\/uploads\/2019\/11\/DSC_0863-300x199.jpg 300w, https:\/\/amicale-des-anciens-hager-tehalit.fr\/wp-content\/uploads\/2019\/11\/DSC_0863-768x509.jpg 768w, https:\/\/amicale-des-anciens-hager-tehalit.fr\/wp-content\/uploads\/2019\/11\/DSC_0863-1536x1017.jpg 1536w, https:\/\/amicale-des-anciens-hager-tehalit.fr\/wp-content\/uploads\/2019\/11\/DSC_0863-2048x1356.jpg 2048w, https:\/\/amicale-des-anciens-hager-tehalit.fr\/wp-content\/uploads\/2019\/11\/DSC_0863-1320x874.jpg 1320w\" sizes=\"auto, (max-width: 593px) 100vw, 593px\" \/><\/figure><\/div>\n\n\n\n<p>La semaine touche \u00e0 sa fin, le dernier jour permettra \u00e0 tous de profiter des installations de l&rsquo;h\u00f4tel.<\/p>\n\n\n\n<div class=\"wp-block-image\"><figure class=\"aligncenter is-resized\"><img loading=\"lazy\" decoding=\"async\" src=\"https:\/\/imgcy.trivago.com\/c_limit,d_dummy.jpeg,f_auto,h_1300,q_auto,w_2000\/uploadimages\/19\/74\/19748524.jpeg\" alt=\"\" width=\"660\" height=\"428\"\/><\/figure><\/div>\n\n\n\n<p>Personne n&rsquo;oubliera la soir\u00e9e \u00ab\u00a0Cabaret\u00a0\u00bb !!!<\/p>\n\n\n\n<div class=\"wp-block-image\"><figure class=\"aligncenter size-large is-resized\"><img loading=\"lazy\" decoding=\"async\" src=\"http:\/\/amicale-des-anciens-hager-tehalit.fr\/wp-content\/uploads\/2019\/11\/DSC_0717-1024x678.jpg\" alt=\"\" class=\"wp-image-1253\" width=\"676\" height=\"447\" srcset=\"https:\/\/amicale-des-anciens-hager-tehalit.fr\/wp-content\/uploads\/2019\/11\/DSC_0717-1024x678.jpg 1024w, https:\/\/amicale-des-anciens-hager-tehalit.fr\/wp-content\/uploads\/2019\/11\/DSC_0717-300x199.jpg 300w, https:\/\/amicale-des-anciens-hager-tehalit.fr\/wp-content\/uploads\/2019\/11\/DSC_0717-768x509.jpg 768w, https:\/\/amicale-des-anciens-hager-tehalit.fr\/wp-content\/uploads\/2019\/11\/DSC_0717-1536x1017.jpg 1536w, https:\/\/amicale-des-anciens-hager-tehalit.fr\/wp-content\/uploads\/2019\/11\/DSC_0717-2048x1356.jpg 2048w, https:\/\/amicale-des-anciens-hager-tehalit.fr\/wp-content\/uploads\/2019\/11\/DSC_0717-1320x874.jpg 1320w\" sizes=\"auto, (max-width: 676px) 100vw, 676px\" \/><\/figure><\/div>\n","protected":false},"excerpt":{"rendered":"<p>Nous avons eu droit \u00e0 une visite guid\u00e9e des Sables d&rsquo;Olonne, La Chaume et ses monuments, ses quais, les ports de p\u00eache, de commerce et de plaisance. Le lendemain, nous sommes partis \u00e0 la&#46;&#46;&#46;<\/p>\n","protected":false},"author":1,"featured_media":1269,"comment_status":"open","ping_status":"open","sticky":false,"template":"","format":"standard","meta":{"footnotes":""},"categories":[6],"tags":[],"class_list":["post-1244","post","type-post","status-publish","format-standard","has-post-thumbnail","hentry","category-sorties","odd"],"_links":{"self":[{"href":"https:\/\/amicale-des-anciens-hager-tehalit.fr\/index.php\/wp-json\/wp\/v2\/posts\/1244","targetHints":{"allow":["GET"]}}],"collection":[{"href":"https:\/\/amicale-des-anciens-hager-tehalit.fr\/index.php\/wp-json\/wp\/v2\/posts"}],"about":[{"href":"https:\/\/amicale-des-anciens-hager-tehalit.fr\/index.php\/wp-json\/wp\/v2\/types\/post"}],"author":[{"embeddable":true,"href":"https:\/\/amicale-des-anciens-hager-tehalit.fr\/index.php\/wp-json\/wp\/v2\/users\/1"}],"replies":[{"embeddable":true,"href":"https:\/\/amicale-des-anciens-hager-tehalit.fr\/index.php\/wp-json\/wp\/v2\/comments?post=1244"}],"version-history":[{"count":14,"href":"https:\/\/amicale-des-anciens-hager-tehalit.fr\/index.php\/wp-json\/wp\/v2\/posts\/1244\/revisions"}],"predecessor-version":[{"id":1275,"href":"https:\/\/amicale-des-anciens-hager-tehalit.fr\/index.php\/wp-json\/wp\/v2\/posts\/1244\/revisions\/1275"}],"wp:featuredmedia":[{"embeddable":true,"href":"https:\/\/amicale-des-anciens-hager-tehalit.fr\/index.php\/wp-json\/wp\/v2\/media\/1269"}],"wp:attachment":[{"href":"https:\/\/amicale-des-anciens-hager-tehalit.fr\/index.php\/wp-json\/wp\/v2\/media?parent=1244"}],"wp:term":[{"taxonomy":"category","embeddable":true,"href":"https:\/\/amicale-des-anciens-hager-tehalit.fr\/index.php\/wp-json\/wp\/v2\/categories?post=1244"},{"taxonomy":"post_tag","embeddable":true,"href":"https:\/\/amicale-des-anciens-hager-tehalit.fr\/index.php\/wp-json\/wp\/v2\/tags?post=1244"}],"curies":[{"name":"wp","href":"https:\/\/api.w.org\/{rel}","templated":true}]}}