{"id":1063,"date":"2018-11-23T14:53:22","date_gmt":"2018-11-23T13:53:22","guid":{"rendered":"http:\/\/amicale-des-anciens-hager-tehalit.fr\/?p=1063"},"modified":"2018-11-23T14:59:04","modified_gmt":"2018-11-23T13:59:04","slug":"assemblee-generale-et-diner-dansant-du-16-novembre-2018","status":"publish","type":"post","link":"https:\/\/amicale-des-anciens-hager-tehalit.fr\/index.php\/2018\/11\/23\/assemblee-generale-et-diner-dansant-du-16-novembre-2018\/","title":{"rendered":"Assembl\u00e9e g\u00e9n\u00e9rale et d\u00eener dansant du 16 novembre 2018"},"content":{"rendered":"<p>Rien ne peut se faire sans pr\u00e9paration de salle..les volontaires furent nombreux \u00e0 mettre le main \u00e0 la p\u00e2te.<\/p>\n<p><img loading=\"lazy\" decoding=\"async\" class=\"alignnone size-medium wp-image-1091\" src=\"http:\/\/amicale-des-anciens-hager-tehalit.fr\/wp-content\/uploads\/2018\/11\/IMG_2730-300x225.jpg\" alt=\"\" width=\"300\" height=\"225\" srcset=\"https:\/\/amicale-des-anciens-hager-tehalit.fr\/wp-content\/uploads\/2018\/11\/IMG_2730-300x225.jpg 300w, https:\/\/amicale-des-anciens-hager-tehalit.fr\/wp-content\/uploads\/2018\/11\/IMG_2730-600x450.jpg 600w, https:\/\/amicale-des-anciens-hager-tehalit.fr\/wp-content\/uploads\/2018\/11\/IMG_2730.jpg 640w\" sizes=\"auto, (max-width: 300px) 100vw, 300px\" \/> <img loading=\"lazy\" decoding=\"async\" class=\"alignnone size-medium wp-image-1090\" src=\"http:\/\/amicale-des-anciens-hager-tehalit.fr\/wp-content\/uploads\/2018\/11\/IMG_2729-300x225.jpg\" alt=\"\" width=\"300\" height=\"225\" srcset=\"https:\/\/amicale-des-anciens-hager-tehalit.fr\/wp-content\/uploads\/2018\/11\/IMG_2729-300x225.jpg 300w, https:\/\/amicale-des-anciens-hager-tehalit.fr\/wp-content\/uploads\/2018\/11\/IMG_2729-600x450.jpg 600w, https:\/\/amicale-des-anciens-hager-tehalit.fr\/wp-content\/uploads\/2018\/11\/IMG_2729.jpg 640w\" sizes=\"auto, (max-width: 300px) 100vw, 300px\" \/> <img loading=\"lazy\" decoding=\"async\" class=\"alignnone size-medium wp-image-1089\" src=\"http:\/\/amicale-des-anciens-hager-tehalit.fr\/wp-content\/uploads\/2018\/11\/IMG_2728-300x225.jpg\" alt=\"\" width=\"300\" height=\"225\" srcset=\"https:\/\/amicale-des-anciens-hager-tehalit.fr\/wp-content\/uploads\/2018\/11\/IMG_2728-300x225.jpg 300w, https:\/\/amicale-des-anciens-hager-tehalit.fr\/wp-content\/uploads\/2018\/11\/IMG_2728-600x450.jpg 600w, https:\/\/amicale-des-anciens-hager-tehalit.fr\/wp-content\/uploads\/2018\/11\/IMG_2728.jpg 640w\" sizes=\"auto, (max-width: 300px) 100vw, 300px\" \/><\/p>\n<p>&nbsp;<\/p>\n<p>Comme chaque ann\u00e9e l&rsquo;assembl\u00e9e g\u00e9n\u00e9rale s&rsquo;est tenue au forum Hager et a \u00e9t\u00e9 ouverte par la pr\u00e9sidente Marie-Claude Weil<\/p>\n<p>&nbsp;<\/p>\n<p><img loading=\"lazy\" decoding=\"async\" class=\"alignnone size-medium wp-image-1066\" src=\"http:\/\/amicale-des-anciens-hager-tehalit.fr\/wp-content\/uploads\/2018\/11\/IMG_1263-300x225.jpg\" alt=\"\" width=\"300\" height=\"225\" srcset=\"https:\/\/amicale-des-anciens-hager-tehalit.fr\/wp-content\/uploads\/2018\/11\/IMG_1263-300x225.jpg 300w, https:\/\/amicale-des-anciens-hager-tehalit.fr\/wp-content\/uploads\/2018\/11\/IMG_1263-768x576.jpg 768w, https:\/\/amicale-des-anciens-hager-tehalit.fr\/wp-content\/uploads\/2018\/11\/IMG_1263-1024x768.jpg 1024w, https:\/\/amicale-des-anciens-hager-tehalit.fr\/wp-content\/uploads\/2018\/11\/IMG_1263-600x450.jpg 600w\" sizes=\"auto, (max-width: 300px) 100vw, 300px\" \/>\u00a0 \u00a0 \u00a0 \u00a0 \u00a0 <img loading=\"lazy\" decoding=\"async\" class=\"alignnone size-medium wp-image-1065\" src=\"http:\/\/amicale-des-anciens-hager-tehalit.fr\/wp-content\/uploads\/2018\/11\/IMG_1262-300x225.jpg\" alt=\"\" width=\"300\" height=\"225\" srcset=\"https:\/\/amicale-des-anciens-hager-tehalit.fr\/wp-content\/uploads\/2018\/11\/IMG_1262-300x225.jpg 300w, https:\/\/amicale-des-anciens-hager-tehalit.fr\/wp-content\/uploads\/2018\/11\/IMG_1262-768x576.jpg 768w, https:\/\/amicale-des-anciens-hager-tehalit.fr\/wp-content\/uploads\/2018\/11\/IMG_1262-1024x768.jpg 1024w, https:\/\/amicale-des-anciens-hager-tehalit.fr\/wp-content\/uploads\/2018\/11\/IMG_1262-600x450.jpg 600w\" sizes=\"auto, (max-width: 300px) 100vw, 300px\" \/><\/p>\n<p><img loading=\"lazy\" decoding=\"async\" class=\"alignnone wp-image-1067 size-medium\" src=\"http:\/\/amicale-des-anciens-hager-tehalit.fr\/wp-content\/uploads\/2018\/11\/IMG_1265-e1542979415984-225x300.jpg\" alt=\"\" width=\"225\" height=\"300\" srcset=\"https:\/\/amicale-des-anciens-hager-tehalit.fr\/wp-content\/uploads\/2018\/11\/IMG_1265-e1542979415984-225x300.jpg 225w, https:\/\/amicale-des-anciens-hager-tehalit.fr\/wp-content\/uploads\/2018\/11\/IMG_1265-e1542979415984-768x1024.jpg 768w, https:\/\/amicale-des-anciens-hager-tehalit.fr\/wp-content\/uploads\/2018\/11\/IMG_1265-e1542979415984-600x800.jpg 600w\" sizes=\"auto, (max-width: 225px) 100vw, 225px\" \/><\/p>\n<p>Ont suivi, Dani\u00e8le pour le bilan financier, Annette pour le rapport d&rsquo;activit\u00e9s et la lecture du PV de l&rsquo;an pass\u00e9 ainsi que Mr Halbwachs et Mme David qui repr\u00e9sentaien la soci\u00e9t\u00e9 Roederer, notre caisse compl\u00e9mentaire.<\/p>\n<p><img loading=\"lazy\" decoding=\"async\" class=\"alignnone wp-image-1068 size-medium\" src=\"http:\/\/amicale-des-anciens-hager-tehalit.fr\/wp-content\/uploads\/2018\/11\/IMG_1267-e1542979723943-225x300.jpg\" alt=\"\" width=\"225\" height=\"300\" srcset=\"https:\/\/amicale-des-anciens-hager-tehalit.fr\/wp-content\/uploads\/2018\/11\/IMG_1267-e1542979723943-225x300.jpg 225w, https:\/\/amicale-des-anciens-hager-tehalit.fr\/wp-content\/uploads\/2018\/11\/IMG_1267-e1542979723943-768x1024.jpg 768w, https:\/\/amicale-des-anciens-hager-tehalit.fr\/wp-content\/uploads\/2018\/11\/IMG_1267-e1542979723943-600x800.jpg 600w\" sizes=\"auto, (max-width: 225px) 100vw, 225px\" \/>\u00a0 \u00a0\u00a0 <img loading=\"lazy\" decoding=\"async\" class=\"alignnone wp-image-1064 size-medium\" src=\"http:\/\/amicale-des-anciens-hager-tehalit.fr\/wp-content\/uploads\/2018\/11\/IMG_1261-e1542979748825-225x300.jpg\" alt=\"\" width=\"225\" height=\"300\" srcset=\"https:\/\/amicale-des-anciens-hager-tehalit.fr\/wp-content\/uploads\/2018\/11\/IMG_1261-e1542979748825-225x300.jpg 225w, https:\/\/amicale-des-anciens-hager-tehalit.fr\/wp-content\/uploads\/2018\/11\/IMG_1261-e1542979748825-768x1024.jpg 768w, https:\/\/amicale-des-anciens-hager-tehalit.fr\/wp-content\/uploads\/2018\/11\/IMG_1261-e1542979748825-600x800.jpg 600w\" sizes=\"auto, (max-width: 225px) 100vw, 225px\" \/>\u00a0 \u00a0\u00a0<img loading=\"lazy\" decoding=\"async\" class=\"alignnone wp-image-1071\" src=\"http:\/\/amicale-des-anciens-hager-tehalit.fr\/wp-content\/uploads\/2018\/11\/IMG_1271-300x225.jpg\" alt=\"\" width=\"397\" height=\"297\" srcset=\"https:\/\/amicale-des-anciens-hager-tehalit.fr\/wp-content\/uploads\/2018\/11\/IMG_1271-300x225.jpg 300w, https:\/\/amicale-des-anciens-hager-tehalit.fr\/wp-content\/uploads\/2018\/11\/IMG_1271-768x576.jpg 768w, https:\/\/amicale-des-anciens-hager-tehalit.fr\/wp-content\/uploads\/2018\/11\/IMG_1271-1024x768.jpg 1024w, https:\/\/amicale-des-anciens-hager-tehalit.fr\/wp-content\/uploads\/2018\/11\/IMG_1271-600x450.jpg 600w\" sizes=\"auto, (max-width: 397px) 100vw, 397px\" \/><\/p>\n<p>&nbsp;<\/p>\n<p>Mr Debenet Samuel repr\u00e9sentait la soci\u00e9t\u00e9 Hager. Il nous a pr\u00e9sent\u00e9 les\u00a0 futurs projets de l&rsquo;entreprise.<\/p>\n<p><img loading=\"lazy\" decoding=\"async\" class=\"alignnone wp-image-1069 size-medium\" src=\"http:\/\/amicale-des-anciens-hager-tehalit.fr\/wp-content\/uploads\/2018\/11\/IMG_1268-e1542980042122-225x300.jpg\" alt=\"\" width=\"225\" height=\"300\" srcset=\"https:\/\/amicale-des-anciens-hager-tehalit.fr\/wp-content\/uploads\/2018\/11\/IMG_1268-e1542980042122-225x300.jpg 225w, https:\/\/amicale-des-anciens-hager-tehalit.fr\/wp-content\/uploads\/2018\/11\/IMG_1268-e1542980042122-768x1024.jpg 768w, https:\/\/amicale-des-anciens-hager-tehalit.fr\/wp-content\/uploads\/2018\/11\/IMG_1268-e1542980042122-600x800.jpg 600w\" sizes=\"auto, (max-width: 225px) 100vw, 225px\" \/>\u00a0 &#8230;le tout sous l&rsquo;oeil de Daniel Hager !\u00a0 \u00a0\u00a0<img loading=\"lazy\" decoding=\"async\" class=\"alignnone size-medium wp-image-1070\" src=\"http:\/\/amicale-des-anciens-hager-tehalit.fr\/wp-content\/uploads\/2018\/11\/IMG_1270-300x225.jpg\" alt=\"\" width=\"300\" height=\"225\" srcset=\"https:\/\/amicale-des-anciens-hager-tehalit.fr\/wp-content\/uploads\/2018\/11\/IMG_1270-300x225.jpg 300w, https:\/\/amicale-des-anciens-hager-tehalit.fr\/wp-content\/uploads\/2018\/11\/IMG_1270-768x576.jpg 768w, https:\/\/amicale-des-anciens-hager-tehalit.fr\/wp-content\/uploads\/2018\/11\/IMG_1270-1024x768.jpg 1024w, https:\/\/amicale-des-anciens-hager-tehalit.fr\/wp-content\/uploads\/2018\/11\/IMG_1270-600x450.jpg 600w\" sizes=\"auto, (max-width: 300px) 100vw, 300px\" \/><\/p>\n<p>&nbsp;<\/p>\n<p>Nous \u00e9tions 144 \u00e0 participer au D\u00eener dansant.<\/p>\n<p>&nbsp;<\/p>\n<p><img loading=\"lazy\" decoding=\"async\" class=\"alignnone size-medium wp-image-1081\" src=\"http:\/\/amicale-des-anciens-hager-tehalit.fr\/wp-content\/uploads\/2018\/11\/IMG_1285-300x225.jpg\" alt=\"\" width=\"300\" height=\"225\" srcset=\"https:\/\/amicale-des-anciens-hager-tehalit.fr\/wp-content\/uploads\/2018\/11\/IMG_1285-300x225.jpg 300w, https:\/\/amicale-des-anciens-hager-tehalit.fr\/wp-content\/uploads\/2018\/11\/IMG_1285-768x576.jpg 768w, https:\/\/amicale-des-anciens-hager-tehalit.fr\/wp-content\/uploads\/2018\/11\/IMG_1285-1024x768.jpg 1024w, https:\/\/amicale-des-anciens-hager-tehalit.fr\/wp-content\/uploads\/2018\/11\/IMG_1285-600x450.jpg 600w\" sizes=\"auto, (max-width: 300px) 100vw, 300px\" \/> \u00a0<img loading=\"lazy\" decoding=\"async\" class=\"alignnone size-medium wp-image-1077\" src=\"http:\/\/amicale-des-anciens-hager-tehalit.fr\/wp-content\/uploads\/2018\/11\/IMG_1279-300x225.jpg\" alt=\"\" width=\"300\" height=\"225\" srcset=\"https:\/\/amicale-des-anciens-hager-tehalit.fr\/wp-content\/uploads\/2018\/11\/IMG_1279-300x225.jpg 300w, https:\/\/amicale-des-anciens-hager-tehalit.fr\/wp-content\/uploads\/2018\/11\/IMG_1279-768x576.jpg 768w, https:\/\/amicale-des-anciens-hager-tehalit.fr\/wp-content\/uploads\/2018\/11\/IMG_1279-1024x768.jpg 1024w, https:\/\/amicale-des-anciens-hager-tehalit.fr\/wp-content\/uploads\/2018\/11\/IMG_1279-600x450.jpg 600w\" sizes=\"auto, (max-width: 300px) 100vw, 300px\" \/> <img loading=\"lazy\" decoding=\"async\" class=\"alignnone size-medium wp-image-1076\" src=\"http:\/\/amicale-des-anciens-hager-tehalit.fr\/wp-content\/uploads\/2018\/11\/IMG_1278-300x225.jpg\" alt=\"\" width=\"300\" height=\"225\" srcset=\"https:\/\/amicale-des-anciens-hager-tehalit.fr\/wp-content\/uploads\/2018\/11\/IMG_1278-300x225.jpg 300w, https:\/\/amicale-des-anciens-hager-tehalit.fr\/wp-content\/uploads\/2018\/11\/IMG_1278-768x576.jpg 768w, https:\/\/amicale-des-anciens-hager-tehalit.fr\/wp-content\/uploads\/2018\/11\/IMG_1278-1024x768.jpg 1024w, https:\/\/amicale-des-anciens-hager-tehalit.fr\/wp-content\/uploads\/2018\/11\/IMG_1278-600x450.jpg 600w\" sizes=\"auto, (max-width: 300px) 100vw, 300px\" \/> <img loading=\"lazy\" decoding=\"async\" class=\"alignnone size-medium wp-image-1075\" src=\"http:\/\/amicale-des-anciens-hager-tehalit.fr\/wp-content\/uploads\/2018\/11\/IMG_1277-300x225.jpg\" alt=\"\" width=\"300\" height=\"225\" srcset=\"https:\/\/amicale-des-anciens-hager-tehalit.fr\/wp-content\/uploads\/2018\/11\/IMG_1277-300x225.jpg 300w, https:\/\/amicale-des-anciens-hager-tehalit.fr\/wp-content\/uploads\/2018\/11\/IMG_1277-768x576.jpg 768w, https:\/\/amicale-des-anciens-hager-tehalit.fr\/wp-content\/uploads\/2018\/11\/IMG_1277-1024x768.jpg 1024w, https:\/\/amicale-des-anciens-hager-tehalit.fr\/wp-content\/uploads\/2018\/11\/IMG_1277-600x450.jpg 600w\" sizes=\"auto, (max-width: 300px) 100vw, 300px\" \/> <img loading=\"lazy\" decoding=\"async\" class=\"alignnone size-medium wp-image-1073\" src=\"http:\/\/amicale-des-anciens-hager-tehalit.fr\/wp-content\/uploads\/2018\/11\/IMG_1273-300x225.jpg\" alt=\"\" width=\"300\" height=\"225\" srcset=\"https:\/\/amicale-des-anciens-hager-tehalit.fr\/wp-content\/uploads\/2018\/11\/IMG_1273-300x225.jpg 300w, https:\/\/amicale-des-anciens-hager-tehalit.fr\/wp-content\/uploads\/2018\/11\/IMG_1273-768x576.jpg 768w, https:\/\/amicale-des-anciens-hager-tehalit.fr\/wp-content\/uploads\/2018\/11\/IMG_1273-1024x768.jpg 1024w, https:\/\/amicale-des-anciens-hager-tehalit.fr\/wp-content\/uploads\/2018\/11\/IMG_1273-600x450.jpg 600w\" sizes=\"auto, (max-width: 300px) 100vw, 300px\" \/> <img loading=\"lazy\" decoding=\"async\" class=\"alignnone size-medium wp-image-1078\" src=\"http:\/\/amicale-des-anciens-hager-tehalit.fr\/wp-content\/uploads\/2018\/11\/IMG_1280-300x225.jpg\" alt=\"\" width=\"300\" height=\"225\" srcset=\"https:\/\/amicale-des-anciens-hager-tehalit.fr\/wp-content\/uploads\/2018\/11\/IMG_1280-300x225.jpg 300w, https:\/\/amicale-des-anciens-hager-tehalit.fr\/wp-content\/uploads\/2018\/11\/IMG_1280-768x576.jpg 768w, https:\/\/amicale-des-anciens-hager-tehalit.fr\/wp-content\/uploads\/2018\/11\/IMG_1280-1024x768.jpg 1024w, https:\/\/amicale-des-anciens-hager-tehalit.fr\/wp-content\/uploads\/2018\/11\/IMG_1280-600x450.jpg 600w\" sizes=\"auto, (max-width: 300px) 100vw, 300px\" \/><\/p>\n<p>&nbsp;<\/p>\n<p>&nbsp;<\/p>\n<p><img loading=\"lazy\" decoding=\"async\" class=\"alignnone size-medium wp-image-1079\" src=\"http:\/\/amicale-des-anciens-hager-tehalit.fr\/wp-content\/uploads\/2018\/11\/IMG_1282-300x225.jpg\" alt=\"\" width=\"300\" height=\"225\" srcset=\"https:\/\/amicale-des-anciens-hager-tehalit.fr\/wp-content\/uploads\/2018\/11\/IMG_1282-300x225.jpg 300w, https:\/\/amicale-des-anciens-hager-tehalit.fr\/wp-content\/uploads\/2018\/11\/IMG_1282-768x576.jpg 768w, https:\/\/amicale-des-anciens-hager-tehalit.fr\/wp-content\/uploads\/2018\/11\/IMG_1282-1024x768.jpg 1024w, https:\/\/amicale-des-anciens-hager-tehalit.fr\/wp-content\/uploads\/2018\/11\/IMG_1282-600x450.jpg 600w\" sizes=\"auto, (max-width: 300px) 100vw, 300px\" \/>\u00a0 Une d\u00e9l\u00e9gation allemande \u00e9tait ravie de passer la soir\u00e9e avec nous.<\/p>\n<p>&nbsp;<\/p>\n<p>Le repas \u00e9tait excellent, pr\u00e9par\u00e9 par l&rsquo;\u00e9quipe de cuisine du restaurant d&rsquo;entreprise.<\/p>\n<p>&nbsp;<\/p>\n<p><img loading=\"lazy\" decoding=\"async\" class=\"alignnone size-medium wp-image-1086\" src=\"http:\/\/amicale-des-anciens-hager-tehalit.fr\/wp-content\/uploads\/2018\/11\/IMG_1292-300x225.jpg\" alt=\"\" width=\"300\" height=\"225\" srcset=\"https:\/\/amicale-des-anciens-hager-tehalit.fr\/wp-content\/uploads\/2018\/11\/IMG_1292-300x225.jpg 300w, https:\/\/amicale-des-anciens-hager-tehalit.fr\/wp-content\/uploads\/2018\/11\/IMG_1292-768x576.jpg 768w, https:\/\/amicale-des-anciens-hager-tehalit.fr\/wp-content\/uploads\/2018\/11\/IMG_1292-1024x768.jpg 1024w, https:\/\/amicale-des-anciens-hager-tehalit.fr\/wp-content\/uploads\/2018\/11\/IMG_1292-600x450.jpg 600w\" sizes=\"auto, (max-width: 300px) 100vw, 300px\" \/><\/p>\n<p>second\u00e9e par une \u00e9quipe efficace pour le service .\u00a0\u00a0<img loading=\"lazy\" decoding=\"async\" class=\"alignnone size-medium wp-image-1084\" src=\"http:\/\/amicale-des-anciens-hager-tehalit.fr\/wp-content\/uploads\/2018\/11\/IMG_1290-300x225.jpg\" alt=\"\" width=\"300\" height=\"225\" srcset=\"https:\/\/amicale-des-anciens-hager-tehalit.fr\/wp-content\/uploads\/2018\/11\/IMG_1290-300x225.jpg 300w, https:\/\/amicale-des-anciens-hager-tehalit.fr\/wp-content\/uploads\/2018\/11\/IMG_1290-768x576.jpg 768w, https:\/\/amicale-des-anciens-hager-tehalit.fr\/wp-content\/uploads\/2018\/11\/IMG_1290-1024x768.jpg 1024w, https:\/\/amicale-des-anciens-hager-tehalit.fr\/wp-content\/uploads\/2018\/11\/IMG_1290-600x450.jpg 600w\" sizes=\"auto, (max-width: 300px) 100vw, 300px\" \/>\u00a0\u00a0\u00a0\u00a0<img loading=\"lazy\" decoding=\"async\" class=\"alignnone size-medium wp-image-1083\" src=\"http:\/\/amicale-des-anciens-hager-tehalit.fr\/wp-content\/uploads\/2018\/11\/IMG_1289-300x225.jpg\" alt=\"\" width=\"300\" height=\"225\" srcset=\"https:\/\/amicale-des-anciens-hager-tehalit.fr\/wp-content\/uploads\/2018\/11\/IMG_1289-300x225.jpg 300w, https:\/\/amicale-des-anciens-hager-tehalit.fr\/wp-content\/uploads\/2018\/11\/IMG_1289-768x576.jpg 768w, https:\/\/amicale-des-anciens-hager-tehalit.fr\/wp-content\/uploads\/2018\/11\/IMG_1289-1024x768.jpg 1024w, https:\/\/amicale-des-anciens-hager-tehalit.fr\/wp-content\/uploads\/2018\/11\/IMG_1289-600x450.jpg 600w\" sizes=\"auto, (max-width: 300px) 100vw, 300px\" \/>\u00a0 \u00a0<img loading=\"lazy\" decoding=\"async\" class=\"alignnone wp-image-1082 size-medium\" src=\"http:\/\/amicale-des-anciens-hager-tehalit.fr\/wp-content\/uploads\/2018\/11\/IMG_1288-e1542980519412-225x300.jpg\" alt=\"\" width=\"225\" height=\"300\" srcset=\"https:\/\/amicale-des-anciens-hager-tehalit.fr\/wp-content\/uploads\/2018\/11\/IMG_1288-e1542980519412-225x300.jpg 225w, https:\/\/amicale-des-anciens-hager-tehalit.fr\/wp-content\/uploads\/2018\/11\/IMG_1288-e1542980519412-768x1024.jpg 768w, https:\/\/amicale-des-anciens-hager-tehalit.fr\/wp-content\/uploads\/2018\/11\/IMG_1288-e1542980519412-600x800.jpg 600w\" sizes=\"auto, (max-width: 225px) 100vw, 225px\" \/><\/p>\n<p>&nbsp;<\/p>\n<p>L&rsquo;ambiance tr\u00e8s conviviale a attir\u00e9 beaucoup de danseurs sur la piste.<\/p>\n<p>&nbsp;<\/p>\n<p><img loading=\"lazy\" decoding=\"async\" class=\"alignnone size-medium wp-image-1087\" src=\"http:\/\/amicale-des-anciens-hager-tehalit.fr\/wp-content\/uploads\/2018\/11\/IMG_1294-300x225.jpg\" alt=\"\" width=\"300\" height=\"225\" srcset=\"https:\/\/amicale-des-anciens-hager-tehalit.fr\/wp-content\/uploads\/2018\/11\/IMG_1294-300x225.jpg 300w, https:\/\/amicale-des-anciens-hager-tehalit.fr\/wp-content\/uploads\/2018\/11\/IMG_1294-768x576.jpg 768w, https:\/\/amicale-des-anciens-hager-tehalit.fr\/wp-content\/uploads\/2018\/11\/IMG_1294-1024x768.jpg 1024w, https:\/\/amicale-des-anciens-hager-tehalit.fr\/wp-content\/uploads\/2018\/11\/IMG_1294-600x450.jpg 600w\" sizes=\"auto, (max-width: 300px) 100vw, 300px\" \/>\u00a0 \u00a0 \u00a0 \u00a0 \u00a0\u00a0<img loading=\"lazy\" decoding=\"async\" class=\"alignnone size-medium wp-image-1088\" src=\"http:\/\/amicale-des-anciens-hager-tehalit.fr\/wp-content\/uploads\/2018\/11\/IMG_1295-300x225.jpg\" alt=\"\" width=\"300\" height=\"225\" srcset=\"https:\/\/amicale-des-anciens-hager-tehalit.fr\/wp-content\/uploads\/2018\/11\/IMG_1295-300x225.jpg 300w, https:\/\/amicale-des-anciens-hager-tehalit.fr\/wp-content\/uploads\/2018\/11\/IMG_1295-768x576.jpg 768w, https:\/\/amicale-des-anciens-hager-tehalit.fr\/wp-content\/uploads\/2018\/11\/IMG_1295-1024x768.jpg 1024w, https:\/\/amicale-des-anciens-hager-tehalit.fr\/wp-content\/uploads\/2018\/11\/IMG_1295-600x450.jpg 600w\" sizes=\"auto, (max-width: 300px) 100vw, 300px\" \/><\/p>\n<p>&nbsp;<\/p>\n<p>Les 12 coups de minuit \u00e9taient attendus pour souhaiter un bon anniversaire \u00e0 Mme Vall\u00e9e pour ses 80 ans.<\/p>\n<p>&nbsp;<\/p>\n<p><img loading=\"lazy\" decoding=\"async\" class=\"alignnone size-medium wp-image-1092\" src=\"http:\/\/amicale-des-anciens-hager-tehalit.fr\/wp-content\/uploads\/2018\/11\/Mme-Vall\u00e9e-1-271x300.jpeg\" alt=\"\" width=\"271\" height=\"300\" srcset=\"https:\/\/amicale-des-anciens-hager-tehalit.fr\/wp-content\/uploads\/2018\/11\/Mme-Vall\u00e9e-1-271x300.jpeg 271w, https:\/\/amicale-des-anciens-hager-tehalit.fr\/wp-content\/uploads\/2018\/11\/Mme-Vall\u00e9e-1-768x851.jpeg 768w, https:\/\/amicale-des-anciens-hager-tehalit.fr\/wp-content\/uploads\/2018\/11\/Mme-Vall\u00e9e-1-924x1024.jpeg 924w, https:\/\/amicale-des-anciens-hager-tehalit.fr\/wp-content\/uploads\/2018\/11\/Mme-Vall\u00e9e-1-600x665.jpeg 600w\" sizes=\"auto, (max-width: 271px) 100vw, 271px\" \/>\u00a0 N&rsquo;est-elle pas rayonnante ?<\/p>\n<p>&nbsp;<\/p>\n<p>&nbsp;<\/p>\n<p>&nbsp;<\/p>\n<p>&nbsp;<\/p>\n<p>&nbsp;<\/p>\n<p>&nbsp;<\/p>\n","protected":false},"excerpt":{"rendered":"<p>Rien ne peut se faire sans pr\u00e9paration de salle..les volontaires furent nombreux \u00e0 mettre le main \u00e0 la p\u00e2te. &nbsp; Comme chaque ann\u00e9e l&rsquo;assembl\u00e9e g\u00e9n\u00e9rale s&rsquo;est tenue au forum Hager et a \u00e9t\u00e9 ouverte&#46;&#46;&#46;<\/p>\n","protected":false},"author":1,"featured_media":1070,"comment_status":"open","ping_status":"open","sticky":false,"template":"","format":"standard","meta":{"footnotes":""},"categories":[7,1],"tags":[],"class_list":["post-1063","post","type-post","status-publish","format-standard","has-post-thumbnail","hentry","category-soirees","category-uncategorized","odd"],"_links":{"self":[{"href":"https:\/\/amicale-des-anciens-hager-tehalit.fr\/index.php\/wp-json\/wp\/v2\/posts\/1063","targetHints":{"allow":["GET"]}}],"collection":[{"href":"https:\/\/amicale-des-anciens-hager-tehalit.fr\/index.php\/wp-json\/wp\/v2\/posts"}],"about":[{"href":"https:\/\/amicale-des-anciens-hager-tehalit.fr\/index.php\/wp-json\/wp\/v2\/types\/post"}],"author":[{"embeddable":true,"href":"https:\/\/amicale-des-anciens-hager-tehalit.fr\/index.php\/wp-json\/wp\/v2\/users\/1"}],"replies":[{"embeddable":true,"href":"https:\/\/amicale-des-anciens-hager-tehalit.fr\/index.php\/wp-json\/wp\/v2\/comments?post=1063"}],"version-history":[{"count":10,"href":"https:\/\/amicale-des-anciens-hager-tehalit.fr\/index.php\/wp-json\/wp\/v2\/posts\/1063\/revisions"}],"predecessor-version":[{"id":1102,"href":"https:\/\/amicale-des-anciens-hager-tehalit.fr\/index.php\/wp-json\/wp\/v2\/posts\/1063\/revisions\/1102"}],"wp:featuredmedia":[{"embeddable":true,"href":"https:\/\/amicale-des-anciens-hager-tehalit.fr\/index.php\/wp-json\/wp\/v2\/media\/1070"}],"wp:attachment":[{"href":"https:\/\/amicale-des-anciens-hager-tehalit.fr\/index.php\/wp-json\/wp\/v2\/media?parent=1063"}],"wp:term":[{"taxonomy":"category","embeddable":true,"href":"https:\/\/amicale-des-anciens-hager-tehalit.fr\/index.php\/wp-json\/wp\/v2\/categories?post=1063"},{"taxonomy":"post_tag","embeddable":true,"href":"https:\/\/amicale-des-anciens-hager-tehalit.fr\/index.php\/wp-json\/wp\/v2\/tags?post=1063"}],"curies":[{"name":"wp","href":"https:\/\/api.w.org\/{rel}","templated":true}]}}